{"id":5844,"date":"2017-09-07T12:34:36","date_gmt":"2017-09-07T10:34:36","guid":{"rendered":"https:\/\/fsmcv.org\/?post_type=fsmcv-noticias&#038;p=5844"},"modified":"2021-03-31T19:45:32","modified_gmt":"2021-03-31T17:45:32","slug":"la-societat-unio-artistica-musical-dontinyent-ret-homenatge-al-poeta-miguel-hernandez-amb-una-obra-escrita-ad-hoc-per-eduard-costa","status":"publish","type":"post","link":"https:\/\/fsmcv.org\/vl\/societats-musicals\/la-societat-unio-artistica-musical-dontinyent-ret-homenatge-al-poeta-miguel-hernandez-amb-una-obra-escrita-ad-hoc-per-eduard-costa\/","title":{"rendered":"La Societat Uni\u00f3 Art\u00edstica Musical d&#8217;Ontinyent ret homenatge al poeta Miguel Hern\u00e1ndez amb una obra escrita ad hoc per Eduard Costa"},"content":{"rendered":"<p>El pr\u00f2xim dissabte 14 d&#8217;octubre a les 20 hores tindr\u00e0 lloc en el Teatre Echegaray d&#8217;Ontinyent i amb motiu del 75 aniversari de la mort de l&#8217;escriptor oriol\u00e0, Miguel Hern\u00e1ndez, la Societat Uni\u00f3 Art\u00edstica Musical ha preparat un concert especial a c\u00e0rrec de la Banda de M\u00fasica dirigit pel seu titular, Jos\u00e9 Francisco Mira Mar\u00edn, en qu\u00e8 s&#8217;escenificaran les \u00faltimes hores de l&#8217;escriptor.<\/p>\n<p>El concert est\u00e0 organitzat per la Societat Uni\u00f3 Art\u00edstica Musical d&#8217;Ontinyent amb la col\u00b7laboraci\u00f3 de l&#8217;Excel\u00b7lent\u00edssim Ajuntament d&#8217;Ontinyent i Caixa Ontinyent.<\/p>\n<p>&nbsp;<\/p>\n<h3>V\u00edctor Palmero, Eduard Costa i Emilio Guti\u00e9rrez Caba, protagonistes del concert.<\/h3>\n<p>Amb la participaci\u00f3 dels actors V\u00edctor Palmero i Eduard Costa, la veu en off d&#8217;Emilio Guti\u00e9rrez Caba i la interpretaci\u00f3 musical de la Banda de M\u00fasica de la Societat Uni\u00f3 Art\u00edstica Musical d&#8217;Ontinyent, es desenvolupar\u00e0 una obra escrita ad hoc per Eduard Costa, personatge de la qual, el Pare Agust\u00ed, assisteix en els \u00faltims moments a Miguel Hern\u00e1ndez, que ser\u00e0 interpretat per V\u00edctor Palmero amb les intervencions puntuals de veu en off del poemari de Miguel Hern\u00e1ndez a c\u00e0rrec del veter\u00e0 actor Emilio Guti\u00e9rrez Caba, textos gravat al Teatro Alfil de Madrid, a qui agra\u00efm la seua col\u00b7laboraci\u00f3 dessinteressada.<\/p>\n<p>Tot dirigit pel titular de la Banda de M\u00fasica de la SUAM d&#8217;Ontinyent, Jos\u00e9 Francisco Mira Mar\u00edn.<\/p>\n<p>&nbsp;<\/p>\n<p>&nbsp;<\/p>\n<h3>Entrades disponibles a partir del 18 de setembre<\/h3>\n<p>Les entrades al concert podran aconseguir-se en la SUAM d&#8217;Ontinyent, al web de Caixa Ontinyent i en la taquilla del Teatre Echegaray al preu de 10 euros a partir del dilluns 18 de setembre. M\u00e9s informaci\u00f3n al\u00a0<a href=\"http:\/\/www.suamontinyent.com\" target=\"_blank\" rel=\"noopener noreferrer\">web de la Societat Uni\u00f3 Art\u00edstica Musical d&#8217;Ontinyent<\/a>.<\/p>\n<p>&nbsp;<\/p>\n","protected":false},"excerpt":{"rendered":"<p>El pr\u00f2xim dissabte 14 d&#8217;octubre a les 20 hores tindr\u00e0 lloc en el Teatre Echegaray d&#8217;Ontinyent i amb motiu del 75 aniversari de la mort de l&#8217;escriptor oriol\u00e0, Miguel Hern\u00e1ndez, la Societat Uni\u00f3 Art\u00edstica Musical ha preparat un concert especial a c\u00e0rrec de la Banda de M\u00fasica dirigit pel seu titular, Jos\u00e9 Francisco Mira Mar\u00edn, [&hellip;]<\/p>\n","protected":false},"author":2,"featured_media":0,"comment_status":"closed","ping_status":"closed","sticky":false,"template":"","format":"standard","meta":{"footnotes":""},"categories":[56],"tags":[],"class_list":["post-5844","post","type-post","status-publish","format-standard","hentry","category-societats-musicals"],"_links":{"self":[{"href":"https:\/\/fsmcv.org\/vl\/wp-json\/wp\/v2\/posts\/5844","targetHints":{"allow":["GET"]}}],"collection":[{"href":"https:\/\/fsmcv.org\/vl\/wp-json\/wp\/v2\/posts"}],"about":[{"href":"https:\/\/fsmcv.org\/vl\/wp-json\/wp\/v2\/types\/post"}],"author":[{"embeddable":true,"href":"https:\/\/fsmcv.org\/vl\/wp-json\/wp\/v2\/users\/2"}],"replies":[{"embeddable":true,"href":"https:\/\/fsmcv.org\/vl\/wp-json\/wp\/v2\/comments?post=5844"}],"version-history":[{"count":0,"href":"https:\/\/fsmcv.org\/vl\/wp-json\/wp\/v2\/posts\/5844\/revisions"}],"wp:attachment":[{"href":"https:\/\/fsmcv.org\/vl\/wp-json\/wp\/v2\/media?parent=5844"}],"wp:term":[{"taxonomy":"category","embeddable":true,"href":"https:\/\/fsmcv.org\/vl\/wp-json\/wp\/v2\/categories?post=5844"},{"taxonomy":"post_tag","embeddable":true,"href":"https:\/\/fsmcv.org\/vl\/wp-json\/wp\/v2\/tags?post=5844"}],"curies":[{"name":"wp","href":"https:\/\/api.w.org\/{rel}","templated":true}]}}