{"id":5850,"date":"2017-09-07T16:51:11","date_gmt":"2017-09-07T14:51:11","guid":{"rendered":"https:\/\/fsmcv.org\/?post_type=fsmcv-noticias&#038;p=5850"},"modified":"2021-03-31T19:44:56","modified_gmt":"2021-03-31T17:44:56","slug":"la-fsmcv-retra-homenatge-este-diumenge-en-lliria-les-ssmm-que-decidiren-constituir-esta-organitzacio-en-1967","status":"publish","type":"post","link":"https:\/\/fsmcv.org\/vl\/societats-musicals\/la-fsmcv-retra-homenatge-este-diumenge-en-lliria-les-ssmm-que-decidiren-constituir-esta-organitzacio-en-1967\/","title":{"rendered":"La FSMCV retr\u00e0 homenatge este diumenge en Ll\u00edria a les SSMM que decidiren constituir esta organitzaci\u00f3 en 1967"},"content":{"rendered":"<p>La Federaci\u00f3 de Societats Musicals de la Comunitat Valenciana realitzar\u00e0 el pr\u00f2xim diumenge 10 de setembre un homenatge en Ll\u00edria a les Societats Musicals que, en 1967, durant una reuni\u00f3 que es dugu\u00e9 a terme coincidint amb els Festivals d&#8217;Espanya celebrats en este municipi, proposaren la creaci\u00f3 de la FSMCV.<\/p>\n<p>Este acte, que se convertir\u00e0 en el preludi de la celebraci\u00f3 del 50\u00e9 aniversari de la Federaci\u00f3, que se commemorar\u00e0 en 2018, tindr\u00e0 lloc en l&#8217;Esgl\u00e9sia de la Sang de Ll\u00edria a partir de les 17.30 hores. Hi participaran, entre d&#8217;altres, personalitats com el president de la FSMCV Pedro Rodr\u00edguez, que parlar\u00e0 sobre el present i futur de l&#8217;entitat; Jos\u00e9 Vicente Pedrola, president de la Uni\u00f3 Musical de Ll\u00edria, la Societat Musical que organitz\u00e0 els festivals d&#8217;Espanya l&#8217;any 1967; l&#8217;historiador Francisco Rozal\u00e9n, que parlar\u00e0 sobre la situaci\u00f3 d&#8217;Espanya i Val\u00e8ncia al 1967; i \u00c0ngel Asunci\u00f3n, president d&#8217;honor de la FSMCV, que contar\u00e0 com era la situaci\u00f3 de les SSMM en 1967. A m\u00e9s, tamb\u00e9 comptarem amb la pres\u00e8ncia del Director General de l&#8217;Institut Valenci\u00e0 de Cultura, Abel Guarin\u00f3s.<\/p>\n<p>L&#8217;acte se clausurar\u00e0 amb l&#8217;actuaci\u00f3 d&#8217;un quintet de vent format per m\u00fasics de les SSMM de La Uni\u00f3 Musical de Ll\u00edria i de la Banda Primitiva de Ll\u00edria.<\/p>\n<p>&nbsp;<\/p>\n<h4>Presentaci\u00f3 del logotipus del 50\u00e9 aniversari de la FSMCV<\/h4>\n<p>Amb motiu de la celebraci\u00f3 en 2018 del seu 50\u00e9 aniversari, la FSMCV convoc\u00e0 en juny un concurs per al disseny del logotipus oficial dirigit a tot l&#8217;alumnat i a equips de professor\/a-alumne\/a de les facultats de Belles Arts de la Comunitat Valenciana, dotat amb un premi de 1.500 \u20ac per al guanaydor.<\/p>\n<p>&nbsp;<\/p>\n<p>En l&#8217;acte que se celebrar\u00e0 en Ll\u00edria el pr\u00f2xim diumenge se presentar\u00e0 l&#8217;obra guanyadora, que ha estat creaci\u00f3 de Jos\u00e9 Antonio Yuste Raja, estudiant del M\u00e0ster Universitari en Arts Visuals i Multim\u00e8dia de la Universitat Polit\u00e8cnica de Val\u00e8ncia. Baix el lema &#8220;La nostra m\u00fasica, els nostres m\u00fasics&#8221;, este disseny ser\u00e0 utilitzat en tots els actes i materials que, durant tot l&#8217;any 2018, se duran a terme en tot el territori de la Comunitat Valenciana per commemorar l&#8217;efem\u00e8ride.<\/p>\n","protected":false},"excerpt":{"rendered":"<p>L&#8217;acte se celebrar\u00e0 a partir de les 17.30 h en l&#8217;Esgl\u00e9sia de la Sang de Ll\u00edria i conclour\u00e0 amb l&#8217;actuaci\u00f3 d&#8217;un quintet de vent format per m\u00fasics de les SSMM de la Uni\u00f3 Musical de Ll\u00edria i la Banda Primitiva de Ll\u00edria.<\/p>\n","protected":false},"author":2,"featured_media":0,"comment_status":"closed","ping_status":"closed","sticky":false,"template":"","format":"standard","meta":{"footnotes":""},"categories":[56],"tags":[],"class_list":["post-5850","post","type-post","status-publish","format-standard","hentry","category-societats-musicals"],"_links":{"self":[{"href":"https:\/\/fsmcv.org\/vl\/wp-json\/wp\/v2\/posts\/5850","targetHints":{"allow":["GET"]}}],"collection":[{"href":"https:\/\/fsmcv.org\/vl\/wp-json\/wp\/v2\/posts"}],"about":[{"href":"https:\/\/fsmcv.org\/vl\/wp-json\/wp\/v2\/types\/post"}],"author":[{"embeddable":true,"href":"https:\/\/fsmcv.org\/vl\/wp-json\/wp\/v2\/users\/2"}],"replies":[{"embeddable":true,"href":"https:\/\/fsmcv.org\/vl\/wp-json\/wp\/v2\/comments?post=5850"}],"version-history":[{"count":0,"href":"https:\/\/fsmcv.org\/vl\/wp-json\/wp\/v2\/posts\/5850\/revisions"}],"wp:attachment":[{"href":"https:\/\/fsmcv.org\/vl\/wp-json\/wp\/v2\/media?parent=5850"}],"wp:term":[{"taxonomy":"category","embeddable":true,"href":"https:\/\/fsmcv.org\/vl\/wp-json\/wp\/v2\/categories?post=5850"},{"taxonomy":"post_tag","embeddable":true,"href":"https:\/\/fsmcv.org\/vl\/wp-json\/wp\/v2\/tags?post=5850"}],"curies":[{"name":"wp","href":"https:\/\/api.w.org\/{rel}","templated":true}]}}