{"id":5853,"date":"2017-09-07T16:39:16","date_gmt":"2017-09-07T14:39:16","guid":{"rendered":"https:\/\/fsmcv.org\/?post_type=fsmcv-noticias&#038;p=5853"},"modified":"2021-03-31T19:45:16","modified_gmt":"2021-03-31T17:45:16","slug":"navajas-celebra-el-concert-extraordinari-de-festes-2017","status":"publish","type":"post","link":"https:\/\/fsmcv.org\/vl\/societats-musicals\/navajas-celebra-el-concert-extraordinari-de-festes-2017\/","title":{"rendered":"Navajas celebra el Concert Extraordinari de Festes 2017"},"content":{"rendered":"<p>El concert, que se celebrar\u00e0 el diumenge 10 de setembre a les 19 hores en la pla\u00e7a de l&#8217;Om de la localitat de l&#8217;Alt Pal\u00e0ncia, est\u00e0 organitzat per la Uni\u00f3 Art\u00edstica Musical de Navajas i patrocinat per l&#8217;Ajuntament.<\/p>\n<p>La banda, dirigida per Borja Zan\u00f3n Gonz\u00e1lez i juntament amb la soprano Mar\u00eda Prats Escriche, interpretar\u00e0 el seg\u00fcent programa:<\/p>\n<p>&nbsp;<\/p>\n<p style=\"text-align: center;\"><strong>1a Part<br \/>\n<\/strong>&#8220;Suspiros de Espa\u00f1a&#8221; (Antonio \u00c1lvarez)<br \/>\n&#8220;La del manojo de rosas&#8221; (Pablo Soroz\u00e1bal)<br \/>\n&#8220;Pan y toros&#8221; (Francisco A. Barbieri)<br \/>\n&#8220;El barberillo de Lavapi\u00e9s&#8221; (Francisco A. Barbieri)<\/p>\n<p style=\"text-align: center;\"><strong>2a Part<br \/>\n<\/strong>&#8220;Gallito&#8221; (Santiago Lope)<br \/>\n&#8220;Gigantes y cabezudos&#8221; (Manuel F. Caballero)<br \/>\n&#8220;La tempranica&#8221; (Ger\u00f3nimo Gim\u00e9nez)<br \/>\n&#8220;Himno a Navajas&#8221; (Miguel Villar)<br \/>\n&#8220;Himno regional valenciano&#8221; (Jos\u00e9 Serrano)<\/p>\n<p>&nbsp;<\/p>\n","protected":false},"excerpt":{"rendered":"<p>Diumenge 10 de setembre a les 19 hores en la pla\u00e7a de l&#8217;Om<\/p>\n","protected":false},"author":2,"featured_media":0,"comment_status":"closed","ping_status":"closed","sticky":false,"template":"","format":"standard","meta":{"footnotes":""},"categories":[56],"tags":[],"class_list":["post-5853","post","type-post","status-publish","format-standard","hentry","category-societats-musicals"],"_links":{"self":[{"href":"https:\/\/fsmcv.org\/vl\/wp-json\/wp\/v2\/posts\/5853","targetHints":{"allow":["GET"]}}],"collection":[{"href":"https:\/\/fsmcv.org\/vl\/wp-json\/wp\/v2\/posts"}],"about":[{"href":"https:\/\/fsmcv.org\/vl\/wp-json\/wp\/v2\/types\/post"}],"author":[{"embeddable":true,"href":"https:\/\/fsmcv.org\/vl\/wp-json\/wp\/v2\/users\/2"}],"replies":[{"embeddable":true,"href":"https:\/\/fsmcv.org\/vl\/wp-json\/wp\/v2\/comments?post=5853"}],"version-history":[{"count":0,"href":"https:\/\/fsmcv.org\/vl\/wp-json\/wp\/v2\/posts\/5853\/revisions"}],"wp:attachment":[{"href":"https:\/\/fsmcv.org\/vl\/wp-json\/wp\/v2\/media?parent=5853"}],"wp:term":[{"taxonomy":"category","embeddable":true,"href":"https:\/\/fsmcv.org\/vl\/wp-json\/wp\/v2\/categories?post=5853"},{"taxonomy":"post_tag","embeddable":true,"href":"https:\/\/fsmcv.org\/vl\/wp-json\/wp\/v2\/tags?post=5853"}],"curies":[{"name":"wp","href":"https:\/\/api.w.org\/{rel}","templated":true}]}}