{"id":586,"date":"2016-07-28T19:26:16","date_gmt":"2016-07-28T17:26:16","guid":{"rendered":"http:\/\/fsmcv.org\/?post_type=fsmcv-noticias&#038;p=586"},"modified":"2020-09-27T18:17:31","modified_gmt":"2020-09-27T18:17:31","slug":"vicente-soler-solano-nou-director-titular-de-la-banda-simfonica-de-la-corporacio-musical-de-la-pobla-de-vallbona","status":"publish","type":"post","link":"https:\/\/fsmcv.org\/vl\/noticies-campanyes\/musica-a-la-llum\/vicente-soler-solano-nou-director-titular-de-la-banda-simfonica-de-la-corporacio-musical-de-la-pobla-de-vallbona\/","title":{"rendered":"Vicente Soler Solano, nou director titular de la banda simf\u00f2nica de la Corporaci\u00f3 Musical de la Pobla de Vallbona."},"content":{"rendered":"<p>Pobla de Vallabona, 28 de juliol de 2016<br \/>\nVicente Soler Solano, natural de Benaguasil, ser\u00e0 el nou director titular de la banda simf\u00f2nica de la Corporaci\u00f3 Musical de la Pobla de Vallbona.<\/p>\n<p>D&#8217;aquesta manera, Vicente Soler pren el relleu de Francisco Javier Castellano, anterior director titular, amb qui la banda va aconseguir distingits guardons com un Segon Premi en la Secci\u00f3 Segona del Certamen Internacional de Bandes de M\u00fasica &#8216;Ciutat de Val\u00e8ncia&#8217; l&#8217;any 2013.<\/p>\n<p>Vicente Soler Solano, director titular de la Banda Municipal de Badajoz, obri aix\u00ed una nova etapa professional des de l&#8217;amistat que des de fa temps uneix al nou director amb la Corporaci\u00f3 Musical de la Pobla de Vallbona.<br \/>\nVICENTE SOLER SOLANO (DIRECTOR)<\/p>\n<p>Naix a Benaguasil (Val\u00e8ncia) i ocupa per oposici\u00f3 lliure la pla\u00e7a de Director i Cap de Servei de la Banda Municipal de M\u00fasica de Badajoz. Director Art\u00edstic i Titular de la Banda Simf\u00f2nica de la Societat Ateneu Musical de Cullera. En el Conservatori Superior de M\u00fasica de Val\u00e8ncia, obt\u00e9 5 titulacions superiors, aix\u00ed com els T\u00edtols Superiors d&#8217;Adre\u00e7a d&#8217;Orquestra i Cors amb els mestres Rafael Talens, Manuel Galduf i Eduardo Xifre, concloent ambdues especialitats amb la qualificaci\u00f3 d&#8217;Excel\u00b7lent.<\/p>\n<p>Com a Director convidat ha dirigit la Banda Municipal de Malta, la Banda de la Unitat de M\u00fasica d&#8217;Infanteria &#8220;Inmemorial del Rey&#8221;, la Banda Municipal d&#8217;Alacant, la Banda Municipal de Sevilla, la Banda Municipal de Barcelona i la Banda Municipal de Madrid. L&#8217;any 2005 \u00e9s nomenat Director de la Banda de la Federaci\u00f3n de Societats Musicals de la Comunitat Valenciana. L&#8217;any 2012 \u00e9s nomenat Director de la Banda de la Federaci\u00f3n Extreme\u00f1aa de Bandas de M\u00fasica. i l&#8217;any 2013 \u00e9s convidat a dirigir la Banda Simf\u00f2nica de M\u00fasics Valencians pel M\u00f3n.<\/p>\n<p>Com a Director titular ha obtingut els m\u00e0xims guardons, 12 Primers Premis consecutius en Cert\u00e0mens Internacionals de la Comunitat Valenciana, En 2008 obt\u00e9 amb la Banda Simf\u00f2nica d&#8217;Ateneu Musical de Cullera dos m\u00e0xims guardons en dos dels Cert\u00e0mens mes prestigiosos del m\u00f3n, Primer Premi Absolut i Esment Especial en el Certamen Internacional de Bandes &#8220;Ciutatde Val\u00e8ncia&#8221; en la seua secci\u00f3 d&#8217;Honor i Primer Premi amb Menci\u00f3 d&#8217;Honor i Corbat\u00edn d&#8217;Or en el Certamen Internacional de Bandes de M\u00fasica &#8220;Ciutat d&#8217;Altea&#8221;.<\/p>\n<p>\u00c9s Diplomat per la Universitat de Val\u00e8ncia com a Professor de Magisteri. L&#8217;any 2006 la Molt Il\u00b7lustre Acad\u00e8mia de la M\u00fasica Valenciana li nomena acad\u00e8mic numerari en l&#8217;\u00e0rea de Direcci\u00f3 musical. Actualment \u00e9s Director i Cap de Servei de M\u00fasica de la Banda Municipal de M\u00fasica de Badajoz i de les seues Escoles Municipals.<\/p>\n","protected":false},"excerpt":{"rendered":"<p>Vicente Soler pren el relleu de Francisco Javier Castellano, anterior director titular, amb qui la banda va aconseguir distingits guardons com un Segon Premi en la Secci\u00f3 Segona del Certamen Internacional de Bandes de M\u00fasica &#8216;Ciutat de Val\u00e8ncia&#8217; l&#8217;any 201<\/p>\n","protected":false},"author":2,"featured_media":0,"comment_status":"closed","ping_status":"closed","sticky":false,"template":"","format":"standard","meta":{"footnotes":""},"categories":[10],"tags":[],"class_list":["post-586","post","type-post","status-publish","format-standard","hentry","category-musica-a-la-llum"],"_links":{"self":[{"href":"https:\/\/fsmcv.org\/vl\/wp-json\/wp\/v2\/posts\/586","targetHints":{"allow":["GET"]}}],"collection":[{"href":"https:\/\/fsmcv.org\/vl\/wp-json\/wp\/v2\/posts"}],"about":[{"href":"https:\/\/fsmcv.org\/vl\/wp-json\/wp\/v2\/types\/post"}],"author":[{"embeddable":true,"href":"https:\/\/fsmcv.org\/vl\/wp-json\/wp\/v2\/users\/2"}],"replies":[{"embeddable":true,"href":"https:\/\/fsmcv.org\/vl\/wp-json\/wp\/v2\/comments?post=586"}],"version-history":[{"count":0,"href":"https:\/\/fsmcv.org\/vl\/wp-json\/wp\/v2\/posts\/586\/revisions"}],"wp:attachment":[{"href":"https:\/\/fsmcv.org\/vl\/wp-json\/wp\/v2\/media?parent=586"}],"wp:term":[{"taxonomy":"category","embeddable":true,"href":"https:\/\/fsmcv.org\/vl\/wp-json\/wp\/v2\/categories?post=586"},{"taxonomy":"post_tag","embeddable":true,"href":"https:\/\/fsmcv.org\/vl\/wp-json\/wp\/v2\/tags?post=586"}],"curies":[{"name":"wp","href":"https:\/\/api.w.org\/{rel}","templated":true}]}}