{"id":5860,"date":"2017-09-08T10:52:51","date_gmt":"2017-09-08T08:52:51","guid":{"rendered":"https:\/\/fsmcv.org\/?post_type=fsmcv-noticias&#038;p=5860"},"modified":"2021-03-31T19:44:10","modified_gmt":"2021-03-31T17:44:10","slug":"la-artistica-manisense-llena-septiembre-de-musica","status":"publish","type":"post","link":"https:\/\/fsmcv.org\/vl\/societats-musicals\/la-artistica-manisense-llena-septiembre-de-musica\/","title":{"rendered":"L&#8217;Art\u00edstica Manisense ompli setembre de m\u00fasica"},"content":{"rendered":"<p>L&#8217;Art\u00edstica Manisense torna amb for\u00e7a de l&#8217;estiu i repr\u00e8n les seues activitats al setembre amb actuacions de les seues agrupacions en festivals, concerts i esdeveniments.<\/p>\n<p style=\"text-align: center;\"><strong>Dissabte 9 de setembre, 19:30 hores<\/strong><br \/>\nFestival de Bandes de Sedav\u00ed<br \/>\nBandes de L&#8217;Art\u00edstica Manisense i de l&#8217;Agrupaci\u00f3 Musical Santa Cec\u00edlia de Sedav\u00ed<br \/>\nPla\u00e7a Ausi\u00e0s March de Sedav\u00ed<\/p>\n<hr \/>\n<p style=\"text-align: center;\"><strong>Dissabte 16 de setembre, 12:00 hores<\/strong><br \/>\nX Aniversari de la Marina de Val\u00e8ncia<br \/>\nBatucada Zumba-li Xe<br \/>\nMarina de Val\u00e8ncia<\/p>\n<hr \/>\n<p style=\"text-align: center;\"><strong>Diumenge 17 de setembre, 20:00 hores<\/strong><br \/>\nMocedades Sinf\u00f3nico<br \/>\nBanda Simf\u00f2nica de L&#8217;Art\u00edstica Manisense acompanyant al grup Mocedades<br \/>\nAuditori Germanies de Manises<\/p>\n<hr \/>\n<p style=\"text-align: center;\"><strong>Divendres 22 de setembre, 21:00 i 22:00 hores<\/strong><br \/>\nI Festivalcrea<br \/>\n21:00 hores. Grup de cambra Pegasus Brass Trio de L&#8217;Art\u00edstica Manisense<br \/>\n22:00 hores. Batucada Zumba-li Xe de L&#8217;Art\u00edstica Manisense<br \/>\nParada de Metro Manises<\/p>\n<hr \/>\n<p style=\"text-align: center;\"><strong>Dissabte 23 de setembre, 18:15 hores<\/strong><br \/>\nI Festivalcrea<br \/>\nActuaci\u00f3 de la Banda Juvenil de L&#8217;Art\u00edstica Manisense<br \/>\nParada de Metro Manises<\/p>\n<hr \/>\n<p style=\"text-align: center;\"><strong>Diumenge 24 de setembre<\/strong><br \/>\nRetrobem la nostra m\u00fasica<br \/>\nConcerts del Cor i l&#8217;Orquestra de L&#8217;Art\u00edstica Manisense<br \/>\nParr\u00f2quia Immaculat Cor de Maria<br \/>\nC\/ Magallanes de Manises<\/p>\n","protected":false},"excerpt":{"rendered":"<p>L&#8217;Art\u00edstica Manisense torna amb for\u00e7a de l&#8217;estiu i repr\u00e8n les seues activitats al setembre amb actuacions de les seues agrupacions en festivals, concerts i esdeveniments. Dissabte 9 de setembre, 19:30 hores Festival de Bandes de Sedav\u00ed Bandes de L&#8217;Art\u00edstica Manisense i de l&#8217;Agrupaci\u00f3 Musical Santa Cec\u00edlia de Sedav\u00ed Pla\u00e7a Ausi\u00e0s March de Sedav\u00ed Dissabte 16 [&hellip;]<\/p>\n","protected":false},"author":2,"featured_media":0,"comment_status":"closed","ping_status":"closed","sticky":false,"template":"","format":"standard","meta":{"footnotes":""},"categories":[56],"tags":[],"class_list":["post-5860","post","type-post","status-publish","format-standard","hentry","category-societats-musicals"],"_links":{"self":[{"href":"https:\/\/fsmcv.org\/vl\/wp-json\/wp\/v2\/posts\/5860","targetHints":{"allow":["GET"]}}],"collection":[{"href":"https:\/\/fsmcv.org\/vl\/wp-json\/wp\/v2\/posts"}],"about":[{"href":"https:\/\/fsmcv.org\/vl\/wp-json\/wp\/v2\/types\/post"}],"author":[{"embeddable":true,"href":"https:\/\/fsmcv.org\/vl\/wp-json\/wp\/v2\/users\/2"}],"replies":[{"embeddable":true,"href":"https:\/\/fsmcv.org\/vl\/wp-json\/wp\/v2\/comments?post=5860"}],"version-history":[{"count":0,"href":"https:\/\/fsmcv.org\/vl\/wp-json\/wp\/v2\/posts\/5860\/revisions"}],"wp:attachment":[{"href":"https:\/\/fsmcv.org\/vl\/wp-json\/wp\/v2\/media?parent=5860"}],"wp:term":[{"taxonomy":"category","embeddable":true,"href":"https:\/\/fsmcv.org\/vl\/wp-json\/wp\/v2\/categories?post=5860"},{"taxonomy":"post_tag","embeddable":true,"href":"https:\/\/fsmcv.org\/vl\/wp-json\/wp\/v2\/tags?post=5860"}],"curies":[{"name":"wp","href":"https:\/\/api.w.org\/{rel}","templated":true}]}}