{"id":5863,"date":"2017-09-08T12:44:31","date_gmt":"2017-09-08T10:44:31","guid":{"rendered":"https:\/\/fsmcv.org\/?post_type=fsmcv-noticias&#038;p=5863"},"modified":"2021-03-31T19:43:58","modified_gmt":"2021-03-31T17:43:58","slug":"concurso-de-composicion-para-mujeres-organizado-por-la-fsmcv","status":"publish","type":"post","link":"https:\/\/fsmcv.org\/vl\/banda-sinfonica-de-dones\/concurso-de-composicion-para-mujeres-organizado-por-la-fsmcv\/","title":{"rendered":"I Concurs de composici\u00f3 per a dones organitzat per la FSMCV"},"content":{"rendered":"<p>La lluita per la igualtat entre dones i homes en l&#8217;\u00e0mbit art\u00edstic i social \u00e9s una de les principals l\u00ednies d&#8217;actuaci\u00f3 que des de la Federaci\u00f3 de Societats Musicals de la Comunitat Valenciana portem treballant durant d\u00e8cades.<\/p>\n<p>Aix\u00ed, entre altres avan\u00e7os, cal assenyalar l&#8217;<strong>adhesi\u00f3 a la Plataforma per la Igualtat entre Homes i dones en les Arts Esc\u00e8niques<\/strong> (la FSMCV fou la primera entitat de la Comunitat Valenciana i la quarta a nivell estatal en adherir-se), la recent\u00a0<strong>modificaci\u00f3 dels Estatuts de la FSMCV per incloure la igualtat<\/strong> com un dels principals objectius de la nostra federaci\u00f3 i, com no,\u00a0<strong>la creaci\u00f3 en 2015 de la <a href=\"https:\/\/fsmcv.org\/banda-de-dones\">Banda Simf\u00f2nica de Dones<\/a>\u00a0<\/strong>del 8 de mar\u00e7, un projecte \u00edntegrament en clau femenina que pret\u00e9n visualitzar el paper de la dona no nom\u00e9s en l&#8217;\u00e0mbit de la interpretaci\u00f3 sin\u00f3 tamb\u00e9 en altres esferes encara prevalentment masculines com s\u00f3n la direcci\u00f3 o la composici\u00f3.<\/p>\n<p>Despr\u00e9s de dos anys de traject\u00f2ria, podem dir que la Banda Simf\u00f2nica de Dones del 8 de mar\u00e7 \u00e9s ja un projecte consolidat i un dels que compten amb major suport per part del conjunt de m\u00fasics, el nostre col\u00b7lectiu i la societat en general. \u00c9s per aix\u00f2 que per a la temporada 2018, des de la FSMCV ens proposem fer un pas m\u00e9s enll\u00e0 en este projecte i obrir una convocat\u00f2ria dirigida a\u00a0<strong>fomentar i impulsar el talent de les dones compositores<\/strong>, un talent oblidat i silenciat durant tota la hist\u00f2ria de la m\u00fasica.<\/p>\n<p>&nbsp;<\/p>\n<blockquote><p>Poden presentar-se <strong>fins al 20 de novembre<\/strong> les compositores de la Comunitat Valenciana o relacionades amb entitats federades.<\/p><\/blockquote>\n<p>&nbsp;<\/p>\n<p>Aix\u00ed,\u00a0<strong>esta iniciativa de la FSMCV permetr\u00e0 l&#8217;estrena de composicions fins ara in\u00e8dites que hagen estat compostes per dones<\/strong>, amb les quals es configurar\u00e0 el programa del pr\u00f2xim concert del 8 de mar\u00e7, Dia de la Dona que, com ja es tradici\u00f3, interpretar\u00e0 una banda formada \u00edntegrament per dones: la Banda Simf\u00f2nica de Dones del 8 de mar\u00e7. A m\u00e9s a m\u00e9s, el concert del 8 de mar\u00e7 de 2018, que se celebrar\u00e0 en la ciutat de Val\u00e8ncia, comptar\u00e0 amb un simbolisme extraordinari, ja que s&#8217;emmarcar\u00e0 dins els actes commemoratius del 50\u00e9 Aniversari de la FSMCV.<\/p>\n<p>El termini d&#8217;inscripcions estar\u00e0 obert fins al 20 de novembre de 2017 i hi poden participar compositores de la Comunitat Valenciana o aquelles relacionades directament amb alguna societat musical federada. Tanmateix,\u00a0<strong>la convocat\u00f2ria est\u00e0 oberta a qualsevol tipus de composici\u00f3 i estil, aix\u00ed com qualsevol durada<\/strong>. Totes aquelles obres que, per motiu de durada o estil, no puguen ser estrenades en el pr\u00f2xim concert, seran igualment interpretades en les pr\u00f2ximes edicions de la Banda Simf\u00f2nica de Dones del 8 de mar\u00e7.<\/p>\n<p>Per al proc\u00e9s d&#8217;inscripci\u00f3 s&#8217;ha habilitat un formulari de sol\u00b7licitud, al que s&#8217;hi pot accedir\u00a0<a href=\"https:\/\/goo.gl\/forms\/zhMCIecXfQXm91zC3\" target=\"_blank\" rel=\"noopener noreferrer\">a trav\u00e9s de este enlla\u00e7<\/a>.<\/p>\n<p>Despr\u00e9s d&#8217;haver rebut les composicions, a partir del 20 de novembre, la directora de la formaci\u00f3 ser\u00e0 l&#8217;encarregada de seleccionar les peces que s&#8217;interpretaran. Les compositores seleccionades per a este concert seran convidades als assajos de la Banda Simf\u00f2nica de Dones durant el mes de febrer de 2017 per a la preparaci\u00f3 de l&#8217;obra, aix\u00ed com al concert, juntament amb la resta de participants, que s&#8217;oferir\u00e0 en la ciutat de Val\u00e8ncia el pr\u00f2xim mes de mar\u00e7.<\/p>\n<p>&nbsp;<\/p>\n<p style=\"text-align: center;\"><a href=\"https:\/\/fsmcv.org\/BTnet-storage\/wp-uploads\/2017\/09\/Bases-concurs-composicio-8-de-marc.pdf\"><strong>DESCARREGA LES BASES<\/strong><\/a><\/p>\n<p>&nbsp;<\/p>\n<hr \/>\n<p>Posem fil a l&#8217;agulla. Coneixes a estes cinc compositores valencianes? T&#8217;animem a que conegues la seua obra i aix\u00ed poder reivindicar-les.<\/p>\n<p>&nbsp;<\/p>\n<p><img fetchpriority=\"high\" decoding=\"async\" class=\"aligncenter wp-image-5868 size-full\" src=\"https:\/\/fsmcv.org\/BTnet-storage\/wp-uploads\/2017\/09\/concurs_composicio-dones.jpg\" alt=\"\" width=\"750\" height=\"450\" title=\"\"><\/p>\n<p>&nbsp;<\/p>\n<p>D&#8217;esquerra a dreta: Matilde Salvador, Carmen Verd\u00fa, \u00c1ngeles L\u00f3pez Artiga (foto: Eva Ripoll), Mar\u00eda Teresa Oller (foto: Irene Marsilla), Claudia Montero.<\/p>\n<p>&nbsp;<\/p>\n","protected":false},"excerpt":{"rendered":"<p>Poden presentar-se fins al 20 de novembre les compositores de la Comunitat Valenciana o relacionades amb entitats federades.<\/p>\n","protected":false},"author":2,"featured_media":0,"comment_status":"closed","ping_status":"closed","sticky":false,"template":"","format":"standard","meta":{"footnotes":""},"categories":[42],"tags":[],"class_list":["post-5863","post","type-post","status-publish","format-standard","hentry","category-banda-sinfonica-de-dones"],"_links":{"self":[{"href":"https:\/\/fsmcv.org\/vl\/wp-json\/wp\/v2\/posts\/5863","targetHints":{"allow":["GET"]}}],"collection":[{"href":"https:\/\/fsmcv.org\/vl\/wp-json\/wp\/v2\/posts"}],"about":[{"href":"https:\/\/fsmcv.org\/vl\/wp-json\/wp\/v2\/types\/post"}],"author":[{"embeddable":true,"href":"https:\/\/fsmcv.org\/vl\/wp-json\/wp\/v2\/users\/2"}],"replies":[{"embeddable":true,"href":"https:\/\/fsmcv.org\/vl\/wp-json\/wp\/v2\/comments?post=5863"}],"version-history":[{"count":0,"href":"https:\/\/fsmcv.org\/vl\/wp-json\/wp\/v2\/posts\/5863\/revisions"}],"wp:attachment":[{"href":"https:\/\/fsmcv.org\/vl\/wp-json\/wp\/v2\/media?parent=5863"}],"wp:term":[{"taxonomy":"category","embeddable":true,"href":"https:\/\/fsmcv.org\/vl\/wp-json\/wp\/v2\/categories?post=5863"},{"taxonomy":"post_tag","embeddable":true,"href":"https:\/\/fsmcv.org\/vl\/wp-json\/wp\/v2\/tags?post=5863"}],"curies":[{"name":"wp","href":"https:\/\/api.w.org\/{rel}","templated":true}]}}