{"id":589,"date":"2016-07-26T19:28:42","date_gmt":"2016-07-26T17:28:42","guid":{"rendered":"http:\/\/fsmcv.org\/?post_type=fsmcv-noticias&#038;p=589"},"modified":"2020-09-27T18:17:37","modified_gmt":"2020-09-27T18:17:37","slug":"el-viatge-per-la-mediterrania-de-ramon-llull-tanca-el-cicle-de-musica-valenciana-i-de-cambra-vicent-garces","status":"publish","type":"post","link":"https:\/\/fsmcv.org\/vl\/noticies-campanyes\/musica-a-la-llum\/el-viatge-per-la-mediterrania-de-ramon-llull-tanca-el-cicle-de-musica-valenciana-i-de-cambra-vicent-garces\/","title":{"rendered":"El viatge per la Mediterr\u00e0nia de Ramon LLull tanca el Cicle de M\u00fasica Valenciana i de Cambra Vicent Garc\u00e9s"},"content":{"rendered":"<p>Faura, 26 de juliol de 2016<br \/>\nLa cita ser\u00e0 el pr\u00f2xim divendres 29 de juliol de la m\u00e0 de Capella de Ministrers i Carles Magraner.<br \/>\nEl Cicle de M\u00fasica Valenciana i de Cambra Vicent Garc\u00e9s abaixar\u00e0 el tel\u00f3 el divendres 29 de juliol, a les 23 h, a la pla\u00e7a de l\u2019Hostal de Faura, amb un homenatge al fil\u00f2sof universal Ramon Llull, en commemoraci\u00f3 del 700 aniversari de la seua mort, de la m\u00e0 de Capella de Ministrers i Carles Magraner, que presenten l\u2019espectacle Mediterranuem, l\u2019\u00faltim pelegrinatge de Ramon Llull, un viatge musical per la Mediterr\u00e0nia medieval de la m\u00e0 dels viatges de l\u2019escriptor mallorqu\u00ed.<br \/>\nAmb la col\u00b7laboraci\u00f3 d\u2019alguns dels millors lul\u00b7listes i despr\u00e9s de dos anys de treball d\u2019investigaci\u00f3, Carles Magraner recopila una col\u00b7lecci\u00f3 de m\u00fasiques hist\u00f2riques in\u00e8dites i melodies populars que formen part de la tradici\u00f3 medieval. M\u00fasiques i m\u00fasics procedents de totes les ribes del Mediterrani que plasmen en l&#8217;escenari el di\u00e0leg entre cultures a trav\u00e9s d&#8217;un element cohesionador i que no ent\u00e9n de fronteres: el nostre llegat musical.<\/p>\n<p>Aquest viatge musical comen\u00e7a en Mallorca fins Rocamador i Santiago de Compostel\u00b7la en 1265, despr\u00e9s Barcelona i Montpeller, on Llull va visitar a Jaume II per a escriure el seu Ars Demostrativa. Tamb\u00e9 viatja a Par\u00eds, on va exercir el seu magisteri en la universitat, Roma, G\u00e8nova, Li\u00f3, Marsella, Aviny\u00f3, N\u00e0pols, junt amb Xipre, Jerusalem, l\u2019Arm\u00e8nia Menor o Tun\u00edsia. Territoris tots ells que va visitar amb un \u00fanic prop\u00f2sit: el di\u00e0leg<\/p>\n","protected":false},"excerpt":{"rendered":"<p>La cita ser\u00e0 el pr\u00f2xim divendres 29 de juliol de la m\u00e0 de Capella de Ministrers i Carles Magraner.<\/p>\n","protected":false},"author":2,"featured_media":0,"comment_status":"closed","ping_status":"closed","sticky":false,"template":"","format":"standard","meta":{"footnotes":""},"categories":[10],"tags":[],"class_list":["post-589","post","type-post","status-publish","format-standard","hentry","category-musica-a-la-llum"],"_links":{"self":[{"href":"https:\/\/fsmcv.org\/vl\/wp-json\/wp\/v2\/posts\/589","targetHints":{"allow":["GET"]}}],"collection":[{"href":"https:\/\/fsmcv.org\/vl\/wp-json\/wp\/v2\/posts"}],"about":[{"href":"https:\/\/fsmcv.org\/vl\/wp-json\/wp\/v2\/types\/post"}],"author":[{"embeddable":true,"href":"https:\/\/fsmcv.org\/vl\/wp-json\/wp\/v2\/users\/2"}],"replies":[{"embeddable":true,"href":"https:\/\/fsmcv.org\/vl\/wp-json\/wp\/v2\/comments?post=589"}],"version-history":[{"count":0,"href":"https:\/\/fsmcv.org\/vl\/wp-json\/wp\/v2\/posts\/589\/revisions"}],"wp:attachment":[{"href":"https:\/\/fsmcv.org\/vl\/wp-json\/wp\/v2\/media?parent=589"}],"wp:term":[{"taxonomy":"category","embeddable":true,"href":"https:\/\/fsmcv.org\/vl\/wp-json\/wp\/v2\/categories?post=589"},{"taxonomy":"post_tag","embeddable":true,"href":"https:\/\/fsmcv.org\/vl\/wp-json\/wp\/v2\/tags?post=589"}],"curies":[{"name":"wp","href":"https:\/\/api.w.org\/{rel}","templated":true}]}}