{"id":5944,"date":"2017-09-14T12:10:51","date_gmt":"2017-09-14T10:10:51","guid":{"rendered":"https:\/\/fsmcv.org\/?post_type=fsmcv-noticias&#038;p=5944"},"modified":"2021-03-31T14:24:48","modified_gmt":"2021-03-31T12:24:48","slug":"confederacion-espanola-sociedades-musicales-reclama-gobierno-espana-mas-apoyo-proyectos","status":"publish","type":"post","link":"https:\/\/fsmcv.org\/vl\/societats-musicals\/confederacion-espanola-sociedades-musicales-reclama-gobierno-espana-mas-apoyo-proyectos\/","title":{"rendered":"La Confederaci\u00f3 Espanyola de Societats Musicals reclama al Govern d&#8217;Espanya m\u00e9s suport per als projectes previstos"},"content":{"rendered":"<p>La Confederaci\u00f3 Espanyola de Societats Musicals (CESM), presidida pel valenci\u00e0 Vicente Cerd\u00e1 Garc\u00eda, ha transm\u00e8s al Govern d&#8217;Espanya el seu descontent per l&#8217;\u00abesc\u00e0s suport rebut\u00bb per un col\u00b7lectiu que agrupa a 1.100 societats musicals. Cerd\u00e0, en companyia d&#8217;altres components de la seua junta de govern com els vicepresidents primer i segona, Antonio Ortiz i Ginesa Zamora, el tresorer, Luis Vidal, i els vocals Alfredo Forner i Jos\u00e9 Almecija, ha mantingut una reuni\u00f3 a Madrid amb el subdirector General de M\u00fasica i Dansa del Ministeri de Cultura, Eduardo Fern\u00e1ndez Palomares, a qui han tingut ocasi\u00f3 de presentar la instituci\u00f3 que representa a tot el col\u00b7lectiu de societats musicals i bandes de m\u00fasica no professionals a nivell estatal.<\/p>\n<p>Cerd\u00e1 ha reivindicat \u00abun major suport per als nous projectes en els quals treballa la nostra nova junta directiva\u00bb, sorgida de les eleccions celebrades al desembre passat en el marc de la XXIII Assemblea de la CESM, celebrada a Palma de Mallorca. El representant de l&#8217;INAEM, Institut Nacional de les Arts Esc\u00e8niques i de la M\u00fasica, ha situat el nivell de recolze en el context de \u00abrestricci\u00f3 pressupost\u00e0ria\u00bb patit per aquest organisme, per\u00f2 \u00abha assumit el comprom\u00eds de mantenir una interlocuci\u00f3 flu\u00efda\u00bb a trav\u00e9s del nou representant de la CESM en el consell estatal del INAEM, Luis Vidal, \u00abla qual cosa permetr\u00e0 a l&#8217;INAEM con\u00e8ixer de primera m\u00e0 les activitats que realitza aquesta entitat i les seues federacions associades per a aix\u00ed tractar de revertir aquesta situaci\u00f3 en la mesura del possible\u00bb, explica Cerd\u00e0.<\/p>\n<p>Amb aquesta reuni\u00f3 \u00abiniciem una nova etapa que pret\u00e9n trencar la din\u00e0mica conformista en la qual s&#8217;havia situat la instituci\u00f3 en els \u00faltims anys, motivada entre altres causes per l&#8217;abs\u00e8ncia d&#8217;una adequada pol\u00edtica de relacions institucionals, aspecte aquest que el nou equip considerem de vital import\u00e0ncia perqu\u00e8 els nostres governants disposen d&#8217;informaci\u00f3 que els permeta con\u00e8ixer la import\u00e0ncia del nostre moviment associatiu\u00bb, ha assegurat el president de la CESM. La Confederaci\u00f3 Espanyola de Societats Musicals agrupa a 1.100 societats amb m\u00e9s de 60.000 m\u00fasics, posseeix una xarxa d&#8217;escoles de m\u00fasica i dansa integrada per 120.000 alumnes i compta amb un mili\u00f3 de socis.<\/p>\n<p><img fetchpriority=\"high\" decoding=\"async\" class=\"aligncenter wp-image-5946\" src=\"https:\/\/fsmcv.org\/BTnet-storage\/wp-uploads\/2017\/09\/2017_09_11-CESM-Subdirector-INAEM-Eduardo-Fernandez-Palomares-opt-1024x768.jpg\" alt=\"\" width=\"800\" height=\"600\" title=\"\"><\/p>\n","protected":false},"excerpt":{"rendered":"<p>La Confederaci\u00f3 Espanyola de Societats Musicals (CESM) ha transm\u00e8s al Govern d&#8217;Espanya el seu descontent per l&#8217;\u00abesc\u00e0s suport rebut\u00bb per un col\u00b7lectiu que agrupa a 1.100 societats musicals.<\/p>\n","protected":false},"author":2,"featured_media":0,"comment_status":"closed","ping_status":"closed","sticky":false,"template":"","format":"standard","meta":{"footnotes":""},"categories":[56],"tags":[],"class_list":["post-5944","post","type-post","status-publish","format-standard","hentry","category-societats-musicals"],"_links":{"self":[{"href":"https:\/\/fsmcv.org\/vl\/wp-json\/wp\/v2\/posts\/5944","targetHints":{"allow":["GET"]}}],"collection":[{"href":"https:\/\/fsmcv.org\/vl\/wp-json\/wp\/v2\/posts"}],"about":[{"href":"https:\/\/fsmcv.org\/vl\/wp-json\/wp\/v2\/types\/post"}],"author":[{"embeddable":true,"href":"https:\/\/fsmcv.org\/vl\/wp-json\/wp\/v2\/users\/2"}],"replies":[{"embeddable":true,"href":"https:\/\/fsmcv.org\/vl\/wp-json\/wp\/v2\/comments?post=5944"}],"version-history":[{"count":0,"href":"https:\/\/fsmcv.org\/vl\/wp-json\/wp\/v2\/posts\/5944\/revisions"}],"wp:attachment":[{"href":"https:\/\/fsmcv.org\/vl\/wp-json\/wp\/v2\/media?parent=5944"}],"wp:term":[{"taxonomy":"category","embeddable":true,"href":"https:\/\/fsmcv.org\/vl\/wp-json\/wp\/v2\/categories?post=5944"},{"taxonomy":"post_tag","embeddable":true,"href":"https:\/\/fsmcv.org\/vl\/wp-json\/wp\/v2\/tags?post=5944"}],"curies":[{"name":"wp","href":"https:\/\/api.w.org\/{rel}","templated":true}]}}