{"id":59516,"date":"2022-09-23T10:40:33","date_gmt":"2022-09-23T08:40:33","guid":{"rendered":"https:\/\/fsmcv.org\/?p=59516"},"modified":"2022-09-23T10:44:21","modified_gmt":"2022-09-23T08:44:21","slug":"el-3-doctubre-finalitza-el-termini-per-a-participar-en-el-viii-concurs-de-composicio-didactica-de-la-provincia-dalacant-per-a-bandes-de-musica","status":"publish","type":"post","link":"https:\/\/fsmcv.org\/vl\/convocatories-publiques\/el-3-doctubre-finalitza-el-termini-per-a-participar-en-el-viii-concurs-de-composicio-didactica-de-la-provincia-dalacant-per-a-bandes-de-musica\/","title":{"rendered":"El 3 d&#8217;octubre finalitza el termini per a participar en el VIII Concurs de Composici\u00f3 Did\u00e0ctica de la Prov\u00edncia d&#8217;Alacant per a Bandes de M\u00fasica"},"content":{"rendered":"\n<p>Vos recordem que convoquem, amb el suport de la Diputaci\u00f3 d&#8217;Alacant, la <strong>VIII Edici\u00f3 del Concurs de Composici\u00f3 Did\u00e0ctica de la Prov\u00edncia d&#8217;Alacant per a Banda de M\u00fasica.<\/strong> Podran participar en el concurs tots els\/les compositors\/es que ho desitgen, amb independ\u00e8ncia de la seua prov\u00edncia de resid\u00e8ncia.<\/p>\n\n<p>S&#8217;estableix un PRIMER PREMI dotat amb 3.000,00 euros i un PREMI ACCESIT dotat amb 1.000,00 euros, concedits amb el suport de l&#8217;Excma. Diputaci\u00f3 d&#8217;Alacant. Diputaci\u00f3 d&#8217;Alacant.<\/p>\n\n<p>Amb la finalitat de promoure la difusi\u00f3 de les obres guardonades, cal destacar que l&#8217;autor\/a de l&#8217;obra guanyadora autoritzar\u00e0 les bandes juvenils de les Societats Musicals a interpretar la seua composici\u00f3 en el marc del pr\u00f2xim FESTIVAL M\u00daSICA I FAM\u00cdLIA organitzat per la FSMCV. A m\u00e9s, aquesta obra s&#8217;editar\u00e0 sota el segell editorial federal \u201cFSMCV Edicions\u201d per a la seua major difusi\u00f3 i divulgaci\u00f3 dins del col\u00b7lectiu de les Societats Musicals de la Comunitat Valenciana.<\/p>\n\n<p><strong>Recordem que la recepci\u00f3 de les obres finalitzar\u00e0 el 3 d&#8217;octubre de 2022<\/strong>, es remetran per correu postal o presentaran en m\u00e0 en les oficines de la FSMCV (Carrer Democr\u00e0cia n\u00ba62 &#8211; 46018 &#8211; Val\u00e8ncia).<\/p>\n\n<p>Davant qualsevol q\u00fcesti\u00f3 poden posar-se en contacte amb els serveis administratius de la FSMCV a trav\u00e9s del correu electr\u00f2nic: <a href=\"mailto:fsmcv@fsmcv.org\" target=\"_blank\" rel=\"noreferrer noopener\">fsmcv@fsmcv.org<\/a><\/p>\n","protected":false},"excerpt":{"rendered":"<p>Vos recordem que convoquem, amb el suport de la Diputaci\u00f3 d&#8217;Alacant, la VIII Edici\u00f3 del Concurs de Composici\u00f3 Did\u00e0ctica de la Prov\u00edncia d&#8217;Alacant per a Banda de M\u00fasica. Podran participar en el concurs tots els\/les compositors\/es que ho desitgen, amb independ\u00e8ncia de la seua prov\u00edncia de resid\u00e8ncia. S&#8217;estableix un PRIMER PREMI dotat amb 3.000,00 euros [&hellip;]<\/p>\n","protected":false},"author":9,"featured_media":59514,"comment_status":"open","ping_status":"closed","sticky":false,"template":"","format":"standard","meta":{"footnotes":""},"categories":[44],"tags":[],"class_list":["post-59516","post","type-post","status-publish","format-standard","has-post-thumbnail","hentry","category-convocatorias-publicas"],"_links":{"self":[{"href":"https:\/\/fsmcv.org\/vl\/wp-json\/wp\/v2\/posts\/59516","targetHints":{"allow":["GET"]}}],"collection":[{"href":"https:\/\/fsmcv.org\/vl\/wp-json\/wp\/v2\/posts"}],"about":[{"href":"https:\/\/fsmcv.org\/vl\/wp-json\/wp\/v2\/types\/post"}],"author":[{"embeddable":true,"href":"https:\/\/fsmcv.org\/vl\/wp-json\/wp\/v2\/users\/9"}],"replies":[{"embeddable":true,"href":"https:\/\/fsmcv.org\/vl\/wp-json\/wp\/v2\/comments?post=59516"}],"version-history":[{"count":0,"href":"https:\/\/fsmcv.org\/vl\/wp-json\/wp\/v2\/posts\/59516\/revisions"}],"wp:featuredmedia":[{"embeddable":true,"href":"https:\/\/fsmcv.org\/vl\/wp-json\/wp\/v2\/media\/59514"}],"wp:attachment":[{"href":"https:\/\/fsmcv.org\/vl\/wp-json\/wp\/v2\/media?parent=59516"}],"wp:term":[{"taxonomy":"category","embeddable":true,"href":"https:\/\/fsmcv.org\/vl\/wp-json\/wp\/v2\/categories?post=59516"},{"taxonomy":"post_tag","embeddable":true,"href":"https:\/\/fsmcv.org\/vl\/wp-json\/wp\/v2\/tags?post=59516"}],"curies":[{"name":"wp","href":"https:\/\/api.w.org\/{rel}","templated":true}]}}