{"id":5953,"date":"2017-09-14T16:23:14","date_gmt":"2017-09-14T14:23:14","guid":{"rendered":"https:\/\/fsmcv.org\/?post_type=fsmcv-noticias&#038;p=5953"},"modified":"2021-03-31T14:25:22","modified_gmt":"2021-03-31T12:25:22","slug":"misa-pescador-iniciara-xxxiii-ciclo-conciertos-musica-clasica-peniscola","status":"publish","type":"post","link":"https:\/\/fsmcv.org\/vl\/societats-musicals\/misa-pescador-iniciara-xxxiii-ciclo-conciertos-musica-clasica-peniscola\/","title":{"rendered":"La Missa del Pescador iniciar\u00e0 el XXXIII Cicle de Concerts de M\u00fasica Cl\u00e0sica de Pen\u00edscola"},"content":{"rendered":"<p>L&#8217;Associaci\u00f3 Musical Verge de l&#8217;Ermitana de Pen\u00edscola amb el patrocini de l&#8217;Ajuntament de Pen\u00edscola i la col\u00b7laboraci\u00f3 de la Diputaci\u00f3 de Castell\u00f3, va presentar dilluns passat 11 de setembre la XXXIII edici\u00f3 del Cicle de Concerts de M\u00fasica Cl\u00e0ssica de la localitat, que s&#8217;iniciar\u00e0 aquest diumenge, 17 de setembre, amb la Missa del Pescador i que es dur\u00e0 a terme fins al dia 30 de setembre.<\/p>\n<p>Salvador Garc\u00eda Sorl\u00ed, director del Cicle, explica que: \u201ccada any tractem de pujar un escal\u00f3 m\u00e9s i augmentar la qualitat d&#8217;un certamen, que est\u00e0 plenament consolidat i que compta amb un p\u00fablic molt fidel, que edici\u00f3 rere edici\u00f3 assisteix als concerts que programem\u201d.<\/p>\n<p>El regidor de Turisme, Rafa Suescun, per la seua banda destaca que: &#8220;el cicle de cl\u00e0ssica \u00e9s ja una cita m\u00e9s que consolidada en la nostra poblaci\u00f3 amb m\u00e9s de tres d\u00e8cades d&#8217;hist\u00f2ria i un hist\u00f2ric de concerts que ha arreplegat grans \u00e8xits\u201d. El regidor ha volgut tamb\u00e9 &#8220;agrair a la direcci\u00f3 del Cicle la seua implicaci\u00f3 i la seua professionalitat que garanteixen el futur del mateix i ho projecten, una vegada m\u00e9s, com a cita ineludible per als amants de la m\u00fasica cl\u00e0ssica&#8221;.<\/p>\n<p>El Cicle de Concerts de M\u00fasica Cl\u00e0ssica, com no podia ser d&#8217;una altra manera, s&#8217;iniciar\u00e0 el diumenge 17 de setembre amb la tradicional Missa i Preg\u00e0ria del Pescador, en l&#8217;esgl\u00e9sia Sta. Maria, a les 12 hores. El fundador del Cicle de Concerts de M\u00fasica Cl\u00e0ssica, el mestre Vittorio Cacciatori, va compondre aquesta pe\u00e7a escrita per Juan Bautista Sim\u00f3 i que ser\u00e0 interpretada per la Coral Polif\u00f2nica de Pen\u00edscola i la Orquestra de Cambra Santa Maria.<\/p>\n<p>El programa del Cicle continuar\u00e0 el dimarts, 19 de setembre, a les 22 hores, amb el Tulam D\u00fao, marimba &amp; vibr\u00e1fono, format per Jes\u00fas David Valero i Miguel \u00c1ngel Forner, que oferiran el seu espectacle en el sal\u00f3 g\u00f2tic del Castell, mentre que el dijous 21, la Diputaci\u00f3 de Castell\u00f3 patrocina el D\u00fao Viol\u00ed i piano de Jord\u00e1n Tejedor i Pablo Lleida. Ambd\u00f3s concerts s\u00f3n d&#8217;entrada gratu\u00efta.<\/p>\n<p>D&#8217;altra banda, el dissabte 23 de setembre a les 20.30 h i en el Palau de Congressos, el Cicle organitza el concert d&#8217;Elan Quintent amb Benjamin Scherer Quesada i Lelia Iancovici al viol\u00ed. Julia Hu, a la viola, Salvador Bol\u00f3n, en el cello i Matthew Baker, al contrabaix. \u201cS\u00f3n tots ells solistes de la Orquestra del Palau de les Arts i les Ci\u00e8ncies de Val\u00e8ncia i ens presentaran el seu tercer disc. Es tracta d&#8217;un concert de gran renom internacional i que nosaltres tenim la sort de tindre a Pen\u00edscola\u201d, apunta el director del Cicle de Concerts. El preu de l&#8217;entrada \u00e9s de 5 euros per als adults i 3 per als xiquets.<\/p>\n<p>De nou, el sal\u00f3 g\u00f2tic del Castell de Pen\u00edscola acollir\u00e0 el dimecres 27 de setembre, a les 22 h, un concert, en aquesta ocasi\u00f3 el que oferir\u00e0 Ensemble Giusto i finalment la programaci\u00f3 es tancar\u00e0, el dissabte, 30 de setembre en el Palau de Congressos de Pen\u00edscola amb l&#8217;actuaci\u00f3 de la Orquestra Simf\u00f2nica de Pen\u00edscola, dirigida en una primera part per \u00d2scar S\u00e9nen, compositor de Vinar\u00f2s, que actualment treballa en la composici\u00f3 de bandes sonores per a pel\u00b7l\u00edcules de Hollywood i que estrenar\u00e0 el seu Concert per a obo\u00e8 i orquestra. L&#8217;obo\u00e8 solista ser\u00e0 Marc Borr\u00e0s, de Vinar\u00f2s, professor dels conservatoris de Tortosa i Benicarlo i solista de la Simf\u00f2nica de Castell\u00f3. En la segona part, l&#8217;Orquestra estar\u00e0 dirigida pel seu titular, Salvador Garc\u00eda Sorl\u00ed i s&#8217;interpretar\u00e0 la Simfonia n\u00ba 7 en re menor op. 70 de Anton\u00edn Dvo\u0159\u00e1k.<\/p>\n<p style=\"text-align: center;\"><a href=\"https:\/\/fsmcv.org\/BTnet-storage\/wp-uploads\/2017\/09\/CARTELL-Musica-classica-2017.pdf\" target=\"_blank\" rel=\"noopener noreferrer\">Descarregar el PDF de la programaci\u00f3.<\/a><\/p>\n","protected":false},"excerpt":{"rendered":"<p>L&#8217;Associaci\u00f3 Musical Verge de l&#8217;Ermitana de Pen\u00edscola amb el patrocini de l&#8217;Ajuntament de Pen\u00edscola i la col\u00b7laboraci\u00f3 de la Diputaci\u00f3 de Castell\u00f3 organitza el XXXIII Cicle de Concerts de M\u00fasica Cl\u00e0ssica de la localitat que comen\u00e7ar\u00e0 el diumenge 17 de setembre.<\/p>\n","protected":false},"author":2,"featured_media":0,"comment_status":"closed","ping_status":"closed","sticky":false,"template":"","format":"standard","meta":{"footnotes":""},"categories":[56],"tags":[],"class_list":["post-5953","post","type-post","status-publish","format-standard","hentry","category-societats-musicals"],"_links":{"self":[{"href":"https:\/\/fsmcv.org\/vl\/wp-json\/wp\/v2\/posts\/5953","targetHints":{"allow":["GET"]}}],"collection":[{"href":"https:\/\/fsmcv.org\/vl\/wp-json\/wp\/v2\/posts"}],"about":[{"href":"https:\/\/fsmcv.org\/vl\/wp-json\/wp\/v2\/types\/post"}],"author":[{"embeddable":true,"href":"https:\/\/fsmcv.org\/vl\/wp-json\/wp\/v2\/users\/2"}],"replies":[{"embeddable":true,"href":"https:\/\/fsmcv.org\/vl\/wp-json\/wp\/v2\/comments?post=5953"}],"version-history":[{"count":0,"href":"https:\/\/fsmcv.org\/vl\/wp-json\/wp\/v2\/posts\/5953\/revisions"}],"wp:attachment":[{"href":"https:\/\/fsmcv.org\/vl\/wp-json\/wp\/v2\/media?parent=5953"}],"wp:term":[{"taxonomy":"category","embeddable":true,"href":"https:\/\/fsmcv.org\/vl\/wp-json\/wp\/v2\/categories?post=5953"},{"taxonomy":"post_tag","embeddable":true,"href":"https:\/\/fsmcv.org\/vl\/wp-json\/wp\/v2\/tags?post=5953"}],"curies":[{"name":"wp","href":"https:\/\/api.w.org\/{rel}","templated":true}]}}