{"id":59572,"date":"2022-09-27T09:44:56","date_gmt":"2022-09-27T07:44:56","guid":{"rendered":"https:\/\/fsmcv.org\/certamens\/un-concert-diferent-i-inoblidableper-celebrar-els-25-anys-de-la-bandade-musica-campanar\/"},"modified":"2022-09-27T09:49:15","modified_gmt":"2022-09-27T07:49:15","slug":"un-concert-diferent-i-inoblidableper-celebrar-els-25-anys-de-la-bandade-musica-campanar","status":"publish","type":"post","link":"https:\/\/fsmcv.org\/vl\/societats-musicals\/un-concert-diferent-i-inoblidableper-celebrar-els-25-anys-de-la-bandade-musica-campanar\/","title":{"rendered":"Un concert diferent i inoblidable<br>per celebrar els 25 anys de la Banda<br>de M\u00fasica Campanar."},"content":{"rendered":"\n<p>En la vesprada de diumenge el sal\u00f3 d&#8217;actes de les Escoles San Jos\u00e9 a Val\u00e8ncia es va omplir de p\u00fablic per a gaudir d&#8217;un concert espectacle organitzat per la Banda de M\u00fasica Campanar amb motiu del seu XXV aniversari.<br\/>Dos actors van anar guiant al p\u00fablic per la hist\u00f2ria de l&#8217;agrupaci\u00f3 i, sobretot, exaltant els valors i el paper de la banda en la societat. Entre tant, diferents agrupacions de l&#8217;associaci\u00f3 entraven i eixien de l&#8217;escenari per interpretar les obres m\u00e9s recordades del seu repertori.<br\/>Al concert van participar totes les agrupacions de l&#8217;associaci\u00f3 (banda titular, cor infantil, banda juvenil, banda dorada i orquestra) i compt\u00e0 amb la col\u00b7laboraci\u00f3 del Cor de Campanar. El colof\u00f3 final ho va ficar una \u00faltima obra interpretada per tots els\/les participants que va aconseguir ajuntar a l&#8217;escenari a m\u00e9s de 120 int\u00e8rprets.<br\/>Cal destacar que al concert van participar m\u00fasics, m\u00fasiques i coristes dels vint-i-cinc anys d&#8217;hist\u00f2ria gr\u00e0cies a la campanya &#8220;Torna a viure la banda&#8221; que pretenia el retorn d&#8217;antics membres per participar en el concert i, perqu\u00e8 no, tornar per sempre.<br\/>Els i les representants de les diferents entitats musicals la Comunitat Valenciana, com la FSMCV o la COSOMUVAL, no van voler perdre&#8217;s aquest important acte que van qualificar de &#8220;m\u00e0gic i espectacular&#8221;.<\/p>\n","protected":false},"excerpt":{"rendered":"<p>En la vesprada de diumenge el sal\u00f3 d&#8217;actes de les Escoles San Jos\u00e9 a Val\u00e8ncia es va omplir de p\u00fablic per a gaudir d&#8217;un concert espectacle organitzat per la Banda de M\u00fasica Campanar amb motiu del seu XXV aniversari.Dos actors van anar guiant al p\u00fablic per la hist\u00f2ria de l&#8217;agrupaci\u00f3 i, sobretot, exaltant els valors [&hellip;]<\/p>\n","protected":false},"author":17,"featured_media":59570,"comment_status":"open","ping_status":"closed","sticky":false,"template":"","format":"standard","meta":{"footnotes":""},"categories":[56],"tags":[],"class_list":["post-59572","post","type-post","status-publish","format-standard","has-post-thumbnail","hentry","category-societats-musicals"],"_links":{"self":[{"href":"https:\/\/fsmcv.org\/vl\/wp-json\/wp\/v2\/posts\/59572","targetHints":{"allow":["GET"]}}],"collection":[{"href":"https:\/\/fsmcv.org\/vl\/wp-json\/wp\/v2\/posts"}],"about":[{"href":"https:\/\/fsmcv.org\/vl\/wp-json\/wp\/v2\/types\/post"}],"author":[{"embeddable":true,"href":"https:\/\/fsmcv.org\/vl\/wp-json\/wp\/v2\/users\/17"}],"replies":[{"embeddable":true,"href":"https:\/\/fsmcv.org\/vl\/wp-json\/wp\/v2\/comments?post=59572"}],"version-history":[{"count":0,"href":"https:\/\/fsmcv.org\/vl\/wp-json\/wp\/v2\/posts\/59572\/revisions"}],"wp:featuredmedia":[{"embeddable":true,"href":"https:\/\/fsmcv.org\/vl\/wp-json\/wp\/v2\/media\/59570"}],"wp:attachment":[{"href":"https:\/\/fsmcv.org\/vl\/wp-json\/wp\/v2\/media?parent=59572"}],"wp:term":[{"taxonomy":"category","embeddable":true,"href":"https:\/\/fsmcv.org\/vl\/wp-json\/wp\/v2\/categories?post=59572"},{"taxonomy":"post_tag","embeddable":true,"href":"https:\/\/fsmcv.org\/vl\/wp-json\/wp\/v2\/tags?post=59572"}],"curies":[{"name":"wp","href":"https:\/\/api.w.org\/{rel}","templated":true}]}}