{"id":5966,"date":"2017-09-15T09:51:51","date_gmt":"2017-09-15T07:51:51","guid":{"rendered":"https:\/\/fsmcv.org\/?post_type=fsmcv-noticias&#038;p=5966"},"modified":"2021-03-31T14:24:23","modified_gmt":"2021-03-31T12:24:23","slug":"la-uma-de-sax-rep-el-dissabte-la-esperanza-de-sant-vicent-dins-del-festival-virgen-de-los-frutos","status":"publish","type":"post","link":"https:\/\/fsmcv.org\/vl\/societats-musicals\/la-uma-de-sax-rep-el-dissabte-la-esperanza-de-sant-vicent-dins-del-festival-virgen-de-los-frutos\/","title":{"rendered":"La UMA de Sax rep el dissabte a \u00abLa Esperanza\u00bb de Sant Vicent dins del Festival &#8220;Virgen de los Frutos&#8221;"},"content":{"rendered":"<p>La pla\u00e7a de la Constituci\u00f3 de Sax acollir\u00e0 este\u00a0<strong>dissabte, 16 de setembre, a partir de les 22.15 h<\/strong>, el tradicional Festival de Bandes de M\u00fasica \u00abVirgen de los Frutos\u00bb, on participar\u00e0 la Societat Uni\u00f3 Musical i Art\u00edstica de Sax i la Societat Musical \u00abLa Esperanza\u00bb de Sant Vicent del Raspeig.<\/p>\n<p>El concert servir\u00e0 per presentar de forma oficial al nou director de la banda saixenca,\u00a0<strong>Jos\u00e9 Antonio Antol\u00edn Polo<\/strong>, que comen\u00e7\u00e0 els assajos a finals del mes d&#8217;agost. Antol\u00edn \u00e9s, alhora, director de la banda de Sant Vicent, i ha preparat dos programes molt diferents amb els que disfrutarem de pasdobles i espectaculars obres simf\u00f2niques, a m\u00e9s d&#8217;altres sorpreses.<\/p>\n<p>La Uni\u00f3 Musical participa tamb\u00e9 este cap de setmana en l&#8217;acte del predicador i la process\u00f3 del diumenge.<\/p>\n","protected":false},"excerpt":{"rendered":"<p>L&#8217;agrupaci\u00f3 saixenca presentar\u00e0 de forma oficial el seu nou director, Jos\u00e9 Antonio Antol\u00edn Polo, que tamb\u00e9 dirigeix a la banda de Sant Vicent del Raspeig.<\/p>\n","protected":false},"author":2,"featured_media":0,"comment_status":"closed","ping_status":"closed","sticky":false,"template":"","format":"standard","meta":{"footnotes":""},"categories":[56],"tags":[],"class_list":["post-5966","post","type-post","status-publish","format-standard","hentry","category-societats-musicals"],"_links":{"self":[{"href":"https:\/\/fsmcv.org\/vl\/wp-json\/wp\/v2\/posts\/5966","targetHints":{"allow":["GET"]}}],"collection":[{"href":"https:\/\/fsmcv.org\/vl\/wp-json\/wp\/v2\/posts"}],"about":[{"href":"https:\/\/fsmcv.org\/vl\/wp-json\/wp\/v2\/types\/post"}],"author":[{"embeddable":true,"href":"https:\/\/fsmcv.org\/vl\/wp-json\/wp\/v2\/users\/2"}],"replies":[{"embeddable":true,"href":"https:\/\/fsmcv.org\/vl\/wp-json\/wp\/v2\/comments?post=5966"}],"version-history":[{"count":0,"href":"https:\/\/fsmcv.org\/vl\/wp-json\/wp\/v2\/posts\/5966\/revisions"}],"wp:attachment":[{"href":"https:\/\/fsmcv.org\/vl\/wp-json\/wp\/v2\/media?parent=5966"}],"wp:term":[{"taxonomy":"category","embeddable":true,"href":"https:\/\/fsmcv.org\/vl\/wp-json\/wp\/v2\/categories?post=5966"},{"taxonomy":"post_tag","embeddable":true,"href":"https:\/\/fsmcv.org\/vl\/wp-json\/wp\/v2\/tags?post=5966"}],"curies":[{"name":"wp","href":"https:\/\/api.w.org\/{rel}","templated":true}]}}