{"id":59734,"date":"2022-09-30T17:37:16","date_gmt":"2022-09-30T15:37:16","guid":{"rendered":"https:\/\/fsmcv.org\/?p=59734"},"modified":"2022-10-07T11:36:53","modified_gmt":"2022-10-07T09:36:53","slug":"34-concerts-posaran-ritme-al-9-doctubre-en-la-comunitat-valenciana","status":"publish","type":"post","link":"https:\/\/fsmcv.org\/vl\/societats-musicals\/34-concerts-posaran-ritme-al-9-doctubre-en-la-comunitat-valenciana\/","title":{"rendered":"34 concerts posaran ritme al 9 d&#8217;octubre en la Comunitat Valenciana"},"content":{"rendered":"\n<p>La nostra presidenta, Daniela Gonz\u00e1lez, ha participat en la presentaci\u00f3 dels actes del 9 d&#8217;Octubre organitzats per Presid\u00e8ncia de la Generalitat. Un programa ple de m\u00fasica en el qual les nostres societats musicals seran protagonistes. <\/p>\n\n<p>Des d&#8217;aquest cap de setmana i fins al 9 d&#8217;octubre, un total de 34 concerts en totes les comarques a c\u00e0rrec de societats musicals federades, que se suma als concerts simultanis de 18 bandes el dia 8 a les 12.00 hores a Alacant (Port), Castell\u00f3 de la Plana (Pla\u00e7a Major) i Val\u00e8ncia (Pla\u00e7a de la Verge), per a concloure el dia 9 d&#8217;octubre a les 9.00 hores, amb m\u00fasica als balcons del Palau com a preludi de l&#8217;acte institucional i homenatge al paper dels m\u00fasics durant la pand\u00e8mia.<\/p>\n\n<p><\/p>\n\n<figure class=\"wp-block-image size-large\"><img decoding=\"async\" src=\"https:\/\/fsmcv.org\/wp-content\/uploads\/2022\/09\/Captura-de-pantalla-2022-09-30-a-las-17.28.40-1024x732.png\" alt=\"\" class=\"wp-image-59729\" title=\"\"><\/figure>\n<figure class=\"wp-block-image size-large\"><img decoding=\"async\" src=\"https:\/\/fsmcv.org\/wp-content\/uploads\/2022\/09\/Captura-de-pantalla-2022-09-30-a-las-17.28.20-1024x728.png\" alt=\"\" class=\"wp-image-59731\" title=\"\"><\/figure>\n<figure class=\"wp-block-image size-large\"><img decoding=\"async\" src=\"https:\/\/fsmcv.org\/wp-content\/uploads\/2022\/10\/Captura-de-pantalla-2022-10-07-a-las-11.34.45-1024x731.png\" alt=\"\" class=\"wp-image-59786\" title=\"\"><\/figure>\n<figure class=\"wp-block-image size-large\"><img decoding=\"async\" src=\"https:\/\/fsmcv.org\/wp-content\/uploads\/2022\/10\/Captura-de-pantalla-2022-10-07-a-las-11.34.58-1024x731.png\" alt=\"\" class=\"wp-image-59789\" title=\"\"><\/figure>","protected":false},"excerpt":{"rendered":"<p>La nostra presidenta, Daniela Gonz\u00e1lez, ha participat en la presentaci\u00f3 dels actes del 9 d&#8217;Octubre organitzats per Presid\u00e8ncia de la Generalitat. Un programa ple de m\u00fasica en el qual les nostres societats musicals seran protagonistes. Des d&#8217;aquest cap de setmana i fins al 9 d&#8217;octubre, un total de 34 concerts en totes les comarques a [&hellip;]<\/p>\n","protected":false},"author":9,"featured_media":59728,"comment_status":"open","ping_status":"closed","sticky":false,"template":"","format":"standard","meta":{"footnotes":""},"categories":[234,56],"tags":[],"class_list":["post-59734","post","type-post","status-publish","format-standard","has-post-thumbnail","hentry","category-certamens","category-societats-musicals"],"_links":{"self":[{"href":"https:\/\/fsmcv.org\/vl\/wp-json\/wp\/v2\/posts\/59734","targetHints":{"allow":["GET"]}}],"collection":[{"href":"https:\/\/fsmcv.org\/vl\/wp-json\/wp\/v2\/posts"}],"about":[{"href":"https:\/\/fsmcv.org\/vl\/wp-json\/wp\/v2\/types\/post"}],"author":[{"embeddable":true,"href":"https:\/\/fsmcv.org\/vl\/wp-json\/wp\/v2\/users\/9"}],"replies":[{"embeddable":true,"href":"https:\/\/fsmcv.org\/vl\/wp-json\/wp\/v2\/comments?post=59734"}],"version-history":[{"count":0,"href":"https:\/\/fsmcv.org\/vl\/wp-json\/wp\/v2\/posts\/59734\/revisions"}],"wp:featuredmedia":[{"embeddable":true,"href":"https:\/\/fsmcv.org\/vl\/wp-json\/wp\/v2\/media\/59728"}],"wp:attachment":[{"href":"https:\/\/fsmcv.org\/vl\/wp-json\/wp\/v2\/media?parent=59734"}],"wp:term":[{"taxonomy":"category","embeddable":true,"href":"https:\/\/fsmcv.org\/vl\/wp-json\/wp\/v2\/categories?post=59734"},{"taxonomy":"post_tag","embeddable":true,"href":"https:\/\/fsmcv.org\/vl\/wp-json\/wp\/v2\/tags?post=59734"}],"curies":[{"name":"wp","href":"https:\/\/api.w.org\/{rel}","templated":true}]}}