{"id":59807,"date":"2022-10-13T13:46:05","date_gmt":"2022-10-13T11:46:05","guid":{"rendered":"https:\/\/fsmcv.org\/?p=59807"},"modified":"2022-10-13T13:56:58","modified_gmt":"2022-10-13T11:56:58","slug":"canet-acull-lassemblea-general-de-la-federacio-de-societats-musicals-de-la-comunitat-valenciana-en-que-es-decidira-la-nova-junta-directiva","status":"publish","type":"post","link":"https:\/\/fsmcv.org\/vl\/certamens\/canet-acull-lassemblea-general-de-la-federacio-de-societats-musicals-de-la-comunitat-valenciana-en-que-es-decidira-la-nova-junta-directiva\/","title":{"rendered":"Canet acull l&#8217;Assemblea General de la Federaci\u00f3 de Societats Musicals de la Comunitat Valenciana en qu\u00e8 es decidir\u00e0 la nova Junta Directiva"},"content":{"rendered":"\n<p>La directiva que regir\u00e0 la Federaci\u00f3 de Societats Musicals de la Comunitat Valenciana durant els pr\u00f2xims quatre anys ser\u00e0 escollida a Canet d&#8217;en Berenguer el pr\u00f2xim 22 d&#8217;octubre, durant la 54a Assemblea General de l&#8217;entitat que tindr\u00e0 lloc a l&#8217;Auditori Municipal.<\/p>\n\n<p>Este segon acte assembleari de 2022 reunir\u00e0 de nou representants de les 550 societats musicals federades per a fer balan\u00e7 d&#8217;esta legislatura i decidir qui regir\u00e0 el futur del col\u00b7lectiu. Aix\u00ed mateix, es fallaran els premis Euterpe d&#8217;enguany i es decidir\u00e0 la nova seu assemble\u00e0ria d&#8217;octubre de 2023. Amb esta nova convocat\u00f2ria a la reflexi\u00f3 i a les urnes, els representants de les societats musicals exposaran la for\u00e7a vertebradora del moviment, present en el 95% dels territoris valencians de m\u00e9s de 500 habitants.<\/p>\n\n<p>Tamb\u00e9 es reconeixer\u00e0 la traject\u00f2ria i l&#8217;antiguitat d&#8217;aquelles societats musicals que han complit durant aquest 2022 aniversaris rellevants de m\u00e9s de 25 anys d&#8217;exist\u00e8ncia. Dins del moviment, prop del 30% de les societats musicals tenen m\u00e9s de 100 anys d&#8217;hist\u00f2ria, algunes arribant a sobrepassar els 200 anys.<\/p>\n\n<p>L&#8217;alcalde de Canet d&#8217;en Berenguer, Pere Joan Antoni Chord\u00e0, remarca la import\u00e0ncia de la celebraci\u00f3 de l&#8217;Assemblea General al municipi: \u00ab\u00c9s un honor per al poble de Canet acollir este esdeveniment, un dels m\u00e9s importants que celebren les nostres societats musicals. Suposa una oportunitat per a posar en valor la m\u00fasica i els extraordinaris int\u00e8rprets d&#8217;esta terra. Este \u00e9s un llegat que es mant\u00e9 viu gr\u00e0cies a un teixit format en gran part per les societats i entitats musicals que treballen per preservar el nostre patrimoni. Entre totes elles, per descomptat, tamb\u00e9 la Societat Musical de Canet, a la qual vull agrair la seua implicaci\u00f3, esfor\u00e7 i treball\u00bb.<\/p>\n\n<p>Per la seua part, la presidenta de la FSMCV, Daniela Gonz\u00e1lez, agra\u00efx \u00abla inestimable col\u00b7laboraci\u00f3 que tant el Consistori com la Societat Musical de Canet d&#8217;en Berenguer ha brindat a la Federaci\u00f3 per a celebraci\u00f3 de l&#8217;Assemblea General, aix\u00ed com l&#8217;organitzaci\u00f3 de la Trobada de Bandes del Camp de Morvedre, que convertir\u00e0 a Canet en l&#8217;epicentre de la m\u00fasica de banda durant la jornada del dissabte\u00bb. \u00abLa m\u00fasica omplir\u00e0 els carrers del municipi amb un ambient festiu al qual convidem a tots els ciutadans a disfrutar amb nosaltres\u00bb, subratlla Gonz\u00e1lez.<\/p>\n\n<p><strong>XVI Trobada de Bandes de M\u00fasica del Camp de Morvedre<\/strong><\/p>\n\n<p>Per a culminar la jornada assemble\u00e0ria, Canet d&#8217;en Berenguer acollir\u00e0 la XVI Trobada de Bandes de M\u00fasica del Camp de Morvedre. La cita comptar\u00e0 amb la participaci\u00f3 de les 13 societats musicals de la comarca i reunir\u00e0 m\u00e9s de 600 m\u00fasics en la vesprada de dissabte, a les 19.00 hores, a la Pla\u00e7a de l&#8217;Ajuntament. Per a aix\u00f2, la Societat Musical de Canet d&#8217;en Berenguer prepara una trobada inoblidable on totes les bandes de la comarca confluiran, eixint des de tres punts diferents del municipi: la carretera de Morvedre, el carrer Calvari i el carrer Sant Pere. All\u00ed encetaran les cercaviles que finalitzaran a la pla\u00e7a de l&#8217;Ajuntament, on es reuniran tots els m\u00fasics en una gran trobada. Les imatges de l&#8217;esdeveniment seran gravades amb un dron que deixar\u00e0 un document d&#8217;esta jornada per a la posteritat.<\/p>\n\n<figure class=\"wp-block-image size-large\"><img decoding=\"async\" src=\"https:\/\/fsmcv.org\/wp-content\/uploads\/2022\/10\/4_blau_val-740x1024.jpg\" alt=\"\" class=\"wp-image-59802\" title=\"\"><\/figure>","protected":false},"excerpt":{"rendered":"<p>La directiva que regir\u00e0 la Federaci\u00f3 de Societats Musicals de la Comunitat Valenciana durant els pr\u00f2xims quatre anys ser\u00e0 escollida a Canet d&#8217;en Berenguer el pr\u00f2xim 22 d&#8217;octubre, durant la 54a Assemblea General de l&#8217;entitat que tindr\u00e0 lloc a l&#8217;Auditori Municipal. Este segon acte assembleari de 2022 reunir\u00e0 de nou representants de les 550 societats [&hellip;]<\/p>\n","protected":false},"author":9,"featured_media":59801,"comment_status":"open","ping_status":"closed","sticky":false,"template":"","format":"standard","meta":{"footnotes":""},"categories":[234],"tags":[],"class_list":["post-59807","post","type-post","status-publish","format-standard","has-post-thumbnail","hentry","category-certamens"],"_links":{"self":[{"href":"https:\/\/fsmcv.org\/vl\/wp-json\/wp\/v2\/posts\/59807","targetHints":{"allow":["GET"]}}],"collection":[{"href":"https:\/\/fsmcv.org\/vl\/wp-json\/wp\/v2\/posts"}],"about":[{"href":"https:\/\/fsmcv.org\/vl\/wp-json\/wp\/v2\/types\/post"}],"author":[{"embeddable":true,"href":"https:\/\/fsmcv.org\/vl\/wp-json\/wp\/v2\/users\/9"}],"replies":[{"embeddable":true,"href":"https:\/\/fsmcv.org\/vl\/wp-json\/wp\/v2\/comments?post=59807"}],"version-history":[{"count":0,"href":"https:\/\/fsmcv.org\/vl\/wp-json\/wp\/v2\/posts\/59807\/revisions"}],"wp:featuredmedia":[{"embeddable":true,"href":"https:\/\/fsmcv.org\/vl\/wp-json\/wp\/v2\/media\/59801"}],"wp:attachment":[{"href":"https:\/\/fsmcv.org\/vl\/wp-json\/wp\/v2\/media?parent=59807"}],"wp:term":[{"taxonomy":"category","embeddable":true,"href":"https:\/\/fsmcv.org\/vl\/wp-json\/wp\/v2\/categories?post=59807"},{"taxonomy":"post_tag","embeddable":true,"href":"https:\/\/fsmcv.org\/vl\/wp-json\/wp\/v2\/tags?post=59807"}],"curies":[{"name":"wp","href":"https:\/\/api.w.org\/{rel}","templated":true}]}}