{"id":5985,"date":"2017-09-18T13:45:04","date_gmt":"2017-09-18T11:45:04","guid":{"rendered":"https:\/\/fsmcv.org\/?post_type=fsmcv-noticias&#038;p=5985"},"modified":"2021-03-31T14:22:09","modified_gmt":"2021-03-31T12:22:09","slug":"ampliacio-inscripcio-ii-concurs-orquestres-bankia-comunitat-valenciana","status":"publish","type":"post","link":"https:\/\/fsmcv.org\/vl\/noticies-campanyes\/concurs-caixabank-dorquestres-de-la-comunitat-valenciana\/ampliacio-inscripcio-ii-concurs-orquestres-bankia-comunitat-valenciana\/","title":{"rendered":"Ampliaci\u00f3 de la inscripci\u00f3 al II Concurs d\u2019Orquestres \u201cBankia\u201d de la Comunitat Valenciana"},"content":{"rendered":"<p><span style=\"color: #ff0000;\"><strong>S&#8217;amplia el per\u00edode d&#8217;inscripci\u00f3 per al &#8220;Concurs d&#8217;Orquestres Bankia de la Comunitat Valenciana&#8221; fins al dia 30 de setembre.<\/strong><\/span><\/p>\n<p>La proximitat de la data del tancament del termini d&#8217;inscripci\u00f3 amb les vacances d&#8217;agost ha fet que algunes SSMM sol\u00b7licitaren a la FSMCV l&#8217;ampliaci\u00f3 d&#8217;aquest termini. Despr\u00e9s de la conversaci\u00f3 mantinguda entre el president de la Federaci\u00f3, Pedro Rodr\u00edguez, i la directora adjunta de l&#8217;Institut Valenci\u00e0 de Cultura, Marga Landete, es va arribar a l&#8217;acord d&#8217;ampliar el per\u00edode d&#8217;inscripci\u00f3 fins a finals d&#8217;aquest mes de setembre.<\/p>\n<p>El Premi tindr\u00e0 una dotaci\u00f3 de 6.000 \u20ac en cadascuna de les categories. A cada orquestra seleccionada se li donar\u00e0 una compensaci\u00f3 econ\u00f2mica de 2.000 \u20ac per a les orquestres que participen en la categoria &#8220;Salvador Giner&#8221; i de 2.500 \u20ac per a les orquestres que participen en la categoria &#8220;Mart\u00ed i Soler&#8221;. El Jurat concedir\u00e0 un premi de 1.500 \u20ac al millor director de les orquestres participants en una de les dues categories.<\/p>\n<p>Les orquestres que tinguen entre 30 i 50 m\u00fasics e<span class=\"hiddenGrammarError\">s<\/span>\u00a0classificaran en una categoria anomenada \u201cSalvador\u00a0<span class=\"hiddenSpellError\">Giner<\/span>\u201c; en canvi, a la categoria de \u201c<span class=\"hiddenSpellError\">Mart\u00edn<\/span>\u00a0i Soler\u201d podran participar aquelles orquestres que estiguen formades entre 51 i 70 m\u00fasics.<\/p>\n<p><span class=\"hiddenGrammarError\">S&#8217;ha de <\/span>tenir en compte que els m\u00fasics que formen part de les orquestres que es presenten deuran estar inscrits en el fitxer de persones relacionades de la\u00a0<span class=\"hiddenSpellError\">FSMCV<\/span>\u00a0dins de la categoria \u201cm\u00fasic\u201d.<\/p>\n<p>Per \u00faltim, entre les bases m\u00e9s importants ha tindre en compte es troba que les orquestres que volen\u00a0presentar-se per ser seleccionades en el concurs han de tindre una antiguitat m\u00ednima de 3 anys\u00a0<span class=\"hiddenGrammarError\">i<\/span>\u00a0es deur\u00e0 tindre una acreditaci\u00f3 en el curr\u00edculum.<\/p>\n<p>Consulta ac\u00ed\u00a0<a href=\"https:\/\/fsmcv.org\/BTnet-storage\/wp-uploads\/2017\/09\/Bases-II-Concurso-de-Orquestas-Bankia.pdf\" target=\"_blank\" rel=\"noopener noreferrer\">les bases del II Concurs d\u2019Orquestres \u201cBankia\u201d de la Comunitat Valenciana<\/a>.<\/p>\n<p>Tamb\u00e9 pots llegir l&#8217;<a href=\"https:\/\/fsmcv.org\/BTnet-storage\/wp-uploads\/2017\/09\/20170918145040938.pdf\" target=\"_blank\" rel=\"noopener noreferrer\">acord del Comit\u00e9 Organitzador ampliant el termini d&#8217;inscripci\u00f3<\/a>.<\/p>\n<p>A m\u00e9s, vos deixem\u00a0<a href=\"http:\/\/fsmcv.org\/BTnet-storage\/wp-uploads\/2017\/07\/Inscripcion-concurso-orquestas-Bankia.pdf\">el full d\u2019inscripci\u00f3 per al concurs<\/a>. Recordeu que teniu fins al 30 de setembre per poder presentar la vostra sol\u00b7licitud.<\/p>\n","protected":false},"excerpt":{"rendered":"<p>S&#8217;amplia el periode d&#8217;inscripci\u00f3 per al &#8220;Concurs d&#8217;Orquestres Bankia de la Comunitat Valenciana&#8221; fins al 30 de setembre.<\/p>\n","protected":false},"author":2,"featured_media":0,"comment_status":"closed","ping_status":"closed","sticky":false,"template":"","format":"standard","meta":{"footnotes":""},"categories":[31],"tags":[],"class_list":["post-5985","post","type-post","status-publish","format-standard","hentry","category-concurs-caixabank-dorquestres-de-la-comunitat-valenciana"],"_links":{"self":[{"href":"https:\/\/fsmcv.org\/vl\/wp-json\/wp\/v2\/posts\/5985","targetHints":{"allow":["GET"]}}],"collection":[{"href":"https:\/\/fsmcv.org\/vl\/wp-json\/wp\/v2\/posts"}],"about":[{"href":"https:\/\/fsmcv.org\/vl\/wp-json\/wp\/v2\/types\/post"}],"author":[{"embeddable":true,"href":"https:\/\/fsmcv.org\/vl\/wp-json\/wp\/v2\/users\/2"}],"replies":[{"embeddable":true,"href":"https:\/\/fsmcv.org\/vl\/wp-json\/wp\/v2\/comments?post=5985"}],"version-history":[{"count":0,"href":"https:\/\/fsmcv.org\/vl\/wp-json\/wp\/v2\/posts\/5985\/revisions"}],"wp:attachment":[{"href":"https:\/\/fsmcv.org\/vl\/wp-json\/wp\/v2\/media?parent=5985"}],"wp:term":[{"taxonomy":"category","embeddable":true,"href":"https:\/\/fsmcv.org\/vl\/wp-json\/wp\/v2\/categories?post=5985"},{"taxonomy":"post_tag","embeddable":true,"href":"https:\/\/fsmcv.org\/vl\/wp-json\/wp\/v2\/tags?post=5985"}],"curies":[{"name":"wp","href":"https:\/\/api.w.org\/{rel}","templated":true}]}}