{"id":59994,"date":"2022-10-28T18:55:07","date_gmt":"2022-10-28T16:55:07","guid":{"rendered":"https:\/\/fsmcv.org\/?p=59994"},"modified":"2022-10-28T19:05:45","modified_gmt":"2022-10-28T17:05:45","slug":"la-societat-unio-musical-dalberic-protagonitzara-el-huite-concert-de-bandes-a-la-ciutat","status":"publish","type":"post","link":"https:\/\/fsmcv.org\/vl\/certamens\/la-societat-unio-musical-dalberic-protagonitzara-el-huite-concert-de-bandes-a-la-ciutat\/","title":{"rendered":"LA SOCIETAT UNI\u00d3 MUSICAL D&#8217;ALBERIC PROTAGONITZAR\u00c0 EL HUIT\u00c9 CONCERT DE BANDES A LA CIUTAT"},"content":{"rendered":"\n<p>El dissabte que ve 29 d&#8217;octubre a les 19h arriba a l&#8217;exterior del Museu de les Ci\u00e8ncies una nova edici\u00f3 del cicle de concerts Bandes a la Ciutat. En aquesta ocasi\u00f3 es pujaran a l&#8217;escenari membres de la Societat Uni\u00f3 Musical d&#8217;Alberic per a oferir un repertori especialment triat per a la data als qui s&#8217;acosten per all\u00ed.<\/p>\n\n<p>Vos recordem que l&#8217;entrada \u00e9s completament gratu\u00efta i que el nombre de seients \u00e9s limitat aix\u00ed que vos recomanem anar prompte.<\/p>\n","protected":false},"excerpt":{"rendered":"<p>El dissabte que ve 29 d&#8217;octubre a les 19h arriba a l&#8217;exterior del Museu de les Ci\u00e8ncies una nova edici\u00f3 del cicle de concerts Bandes a la Ciutat. En aquesta ocasi\u00f3 es pujaran a l&#8217;escenari membres de la Societat Uni\u00f3 Musical d&#8217;Alberic per a oferir un repertori especialment triat per a la data als qui [&hellip;]<\/p>\n","protected":false},"author":9,"featured_media":59991,"comment_status":"open","ping_status":"closed","sticky":false,"template":"","format":"standard","meta":{"footnotes":""},"categories":[234],"tags":[],"class_list":["post-59994","post","type-post","status-publish","format-standard","has-post-thumbnail","hentry","category-certamens"],"_links":{"self":[{"href":"https:\/\/fsmcv.org\/vl\/wp-json\/wp\/v2\/posts\/59994","targetHints":{"allow":["GET"]}}],"collection":[{"href":"https:\/\/fsmcv.org\/vl\/wp-json\/wp\/v2\/posts"}],"about":[{"href":"https:\/\/fsmcv.org\/vl\/wp-json\/wp\/v2\/types\/post"}],"author":[{"embeddable":true,"href":"https:\/\/fsmcv.org\/vl\/wp-json\/wp\/v2\/users\/9"}],"replies":[{"embeddable":true,"href":"https:\/\/fsmcv.org\/vl\/wp-json\/wp\/v2\/comments?post=59994"}],"version-history":[{"count":0,"href":"https:\/\/fsmcv.org\/vl\/wp-json\/wp\/v2\/posts\/59994\/revisions"}],"wp:featuredmedia":[{"embeddable":true,"href":"https:\/\/fsmcv.org\/vl\/wp-json\/wp\/v2\/media\/59991"}],"wp:attachment":[{"href":"https:\/\/fsmcv.org\/vl\/wp-json\/wp\/v2\/media?parent=59994"}],"wp:term":[{"taxonomy":"category","embeddable":true,"href":"https:\/\/fsmcv.org\/vl\/wp-json\/wp\/v2\/categories?post=59994"},{"taxonomy":"post_tag","embeddable":true,"href":"https:\/\/fsmcv.org\/vl\/wp-json\/wp\/v2\/tags?post=59994"}],"curies":[{"name":"wp","href":"https:\/\/api.w.org\/{rel}","templated":true}]}}