{"id":60073,"date":"2022-11-11T14:01:15","date_gmt":"2022-11-11T13:01:15","guid":{"rendered":"https:\/\/fsmcv.org\/?p=60073"},"modified":"2022-11-11T14:03:14","modified_gmt":"2022-11-11T13:03:14","slug":"el-diumenge-13-de-novembre-torna-el-concurs-dorquestres-caixabank-de-la-comunitat-valenciana-a-les-arts","status":"publish","type":"post","link":"https:\/\/fsmcv.org\/vl\/noticies-campanyes\/concurs-caixabank-dorquestres-de-la-comunitat-valenciana\/el-diumenge-13-de-novembre-torna-el-concurs-dorquestres-caixabank-de-la-comunitat-valenciana-a-les-arts\/","title":{"rendered":"La FSMCV, CaixaBank i el IVC celebren el V Concurs CaixaBank d&#8217;Orquestres de la Comunitat Valenciana"},"content":{"rendered":"\n<p>La Federaci\u00f3 de Societats Musicals de la Comunitat Valenciana (FSMCV), CaixaBank i l&#8217;Institut Valenci\u00e0 de Cultura (IVC) celebren aquest cap de setmana la cinquena edici\u00f3 del Concurs CaixaBank d&#8217;Orquestres de la Comunitat Valenciana, emmarcat dins del programa &#8216;CaixaBank Escolta Val\u00e8ncia&#8217; i que es repr\u00e9n despr\u00e9s de no haver-se convocat en el 2021 per la pand\u00e8mia.<\/p>\n\n\n\n<p>El concurs, dins del programa \u2018CaixaBank Escolta Val\u00e8ncia\u2019, t\u00e9 lloc el diumenge 13 de novembre en el Palau de les Arts de Val\u00e8ncia, i consta de dues categories: &#8216;Salvador Giner&#8217;, per a orquestres que tenen entre 30 i 50 m\u00fasics, i &#8216;Mart\u00edn i Soler&#8217;, per a orquestres que tenen entre 51 i 70 m\u00fasics.<\/p>\n\n\n\n<p>En la categoria &#8216;Salvador Giner&#8217; participaran a les 11.00 hores l&#8217;Orquestra Tetracorde del Centre Art\u00edstic Musical Santa Cec\u00edlia de Foios, dirigida per \u00c0lex Puchades Romero i amb un programa de peces de Schubert i Haydn, i l&#8217;Orquestra Societat Musical la Primitiva de Rafelbunyol, sota la direcci\u00f3 de Pablo Marqu\u00e9s Mestre amb un programa de Lutoslawski i Mendelssohn.<\/p>\n\n\n\n<p>A la vesprada, a les 17.00 hores, en la categoria &#8216;Mart\u00edn i Soler&#8217; participaran l&#8217;Orquestra Simf\u00f2nica de la Uni\u00f3 Musical de Ll\u00edria, amb Pascual Cabanes Fabra com a director i un programa amb obres de Schubert i Tchaikowsky, i l&#8217;Orquestra Simf\u00f2nica de la SMI Santa Cec\u00edlia de Cullera, amb direcci\u00f3 de Carlos Garc\u00e9s Fuentelsaz i peces de Beethoven i Tchaikowsky.<\/p>\n\n\n\n<p>Cada orquestra participant interpretar\u00e0 un repertori de dues obres de lliure elecci\u00f3, per\u00f2 una de les dues ha de ser obligat\u00f2riament del repertori orquestral compost entre 1750 i 1850. La duraci\u00f3 del repertori ha d&#8217;estar entre 45 i 70 minuts per a la categoria &#8216;Mart\u00edn i Soler&#8217;, i entre 30 i 55 minuts per a la categoria &#8216;Salvador Giner&#8217;.<\/p>\n\n\n\n<p>El jurat estar\u00e0 compost per la destacada directora d&#8217;orquestra Luc\u00eda Mar\u00edn Mar\u00edn, el violinista i docent Joaqu\u00edn Torre Guti\u00e9rrez i el director i compositor Oliver D\u00edaz Su\u00e1rez<\/p>\n\n\n\n<p>Les orquestres participants rebran un diploma acreditatiu de la seua selecci\u00f3 per a participar en el V Concurs CaixaBank d&#8217;Orquestres de la Comunitat Valenciana i hi haur\u00e0 un \u00fanic premi per categoria, amb una dotaci\u00f3 econ\u00f2mica de 6.000 euros. A cada orquestra que participe se li donar\u00e0 una compensaci\u00f3 econ\u00f2mica de 2.000 \u20ac per a les orquestres que participen en la categoria &#8216;Salvador Giner&#8217; i de 2.500 per a les orquestres que participen en la categoria &#8216;Mart\u00edn i Soler&#8217;. A m\u00e9s, el jurat concedir\u00e0 un premi de 1.500 euros al millor director de les orquestres participants en cadascuna de les categories, quantitats aportades \u00edntegrament per CaixaBank.<\/p>\n\n\n\n<p><strong>V Festival CaixaBank d&#8217;Orquestres de la Comunitat Valenciana<\/strong><\/p>\n\n\n\n<p>Per a estimular el moviment orquestral valenci\u00e0, les dues orquestres guanyadores del concurs i les dues que hagen tingut la segona millor puntuaci\u00f3 en cada categoria participaran en el V Festival CaixaBank d&#8217;Orquestres de la Comunitat Valenciana, que tindr\u00e0 lloc en les Capitals Culturals 2022 de la Comunitat Valenciana. El primer concert amb les participants de la categoria &#8216;Salvador Giner&#8217; ser\u00e0 el 10 de desembre de 2022 a Aielo de Malferit i el segon, amb les participants de la categoria &#8216;Mart\u00edn i Soler&#8217;, tindr\u00e0 lloc a Alzira el 17 de desembre de 2022.<\/p>\n\n\n\n<div data-wp-interactive=\"core\/file\" class=\"wp-block-file\"><object data-wp-bind--hidden=\"!state.hasPdfPreview\" hidden class=\"wp-block-file__embed\" data=\"https:\/\/fsmcv.org\/wp-content\/uploads\/2022\/11\/programa2022-2.pdf\" type=\"application\/pdf\" style=\"width:100%;height:600px\" aria-label=\"Embed of programa2022-2.\"><\/object><a id=\"wp-block-file--media-83a95540-6568-4909-b818-bd736a2212a5\" href=\"https:\/\/fsmcv.org\/wp-content\/uploads\/2022\/11\/programa2022-2.pdf\">programa2022-2<\/a><a href=\"https:\/\/fsmcv.org\/wp-content\/uploads\/2022\/11\/programa2022-2.pdf\" class=\"wp-block-file__button wp-element-button\" download=\"\" aria-describedby=\"wp-block-file--media-83a95540-6568-4909-b818-bd736a2212a5\">Descarga<\/a><\/div>\n","protected":false},"excerpt":{"rendered":"<p>La Federaci\u00f3 de Societats Musicals de la Comunitat Valenciana (FSMCV), CaixaBank i l&#8217;Institut Valenci\u00e0 de Cultura (IVC) celebren aquest cap de setmana la cinquena edici\u00f3 del Concurs CaixaBank d&#8217;Orquestres de la Comunitat Valenciana, emmarcat dins del programa &#8216;CaixaBank Escolta Val\u00e8ncia&#8217; i que es repr\u00e9n despr\u00e9s de no haver-se convocat en el 2021 per la pand\u00e8mia. [&hellip;]<\/p>\n","protected":false},"author":9,"featured_media":60069,"comment_status":"open","ping_status":"closed","sticky":false,"template":"","format":"standard","meta":{"footnotes":""},"categories":[31],"tags":[],"class_list":["post-60073","post","type-post","status-publish","format-standard","has-post-thumbnail","hentry","category-concurs-caixabank-dorquestres-de-la-comunitat-valenciana"],"_links":{"self":[{"href":"https:\/\/fsmcv.org\/vl\/wp-json\/wp\/v2\/posts\/60073","targetHints":{"allow":["GET"]}}],"collection":[{"href":"https:\/\/fsmcv.org\/vl\/wp-json\/wp\/v2\/posts"}],"about":[{"href":"https:\/\/fsmcv.org\/vl\/wp-json\/wp\/v2\/types\/post"}],"author":[{"embeddable":true,"href":"https:\/\/fsmcv.org\/vl\/wp-json\/wp\/v2\/users\/9"}],"replies":[{"embeddable":true,"href":"https:\/\/fsmcv.org\/vl\/wp-json\/wp\/v2\/comments?post=60073"}],"version-history":[{"count":0,"href":"https:\/\/fsmcv.org\/vl\/wp-json\/wp\/v2\/posts\/60073\/revisions"}],"wp:featuredmedia":[{"embeddable":true,"href":"https:\/\/fsmcv.org\/vl\/wp-json\/wp\/v2\/media\/60069"}],"wp:attachment":[{"href":"https:\/\/fsmcv.org\/vl\/wp-json\/wp\/v2\/media?parent=60073"}],"wp:term":[{"taxonomy":"category","embeddable":true,"href":"https:\/\/fsmcv.org\/vl\/wp-json\/wp\/v2\/categories?post=60073"},{"taxonomy":"post_tag","embeddable":true,"href":"https:\/\/fsmcv.org\/vl\/wp-json\/wp\/v2\/tags?post=60073"}],"curies":[{"name":"wp","href":"https:\/\/api.w.org\/{rel}","templated":true}]}}