{"id":60111,"date":"2022-11-14T12:27:35","date_gmt":"2022-11-14T11:27:35","guid":{"rendered":"https:\/\/fsmcv.org\/certamens\/la-banda-primitiva-de-lliria-i-javier-enguidanos-tanquen-un-exitos-cicle-artistic\/"},"modified":"2022-11-14T12:31:25","modified_gmt":"2022-11-14T11:31:25","slug":"la-banda-primitiva-de-lliria-i-javier-enguidanos-tanquen-un-exitos-cicle-artistic","status":"publish","type":"post","link":"https:\/\/fsmcv.org\/vl\/societats-musicals\/la-banda-primitiva-de-lliria-i-javier-enguidanos-tanquen-un-exitos-cicle-artistic\/","title":{"rendered":"<strong>La Banda Primitiva de Ll\u00edria i Javier Engu\u00eddanos tanquen un exit\u00f3s cicle art\u00edstic <\/strong>"},"content":{"rendered":"\n<p><strong>L\u2019\u00faltim concert de Javier Engu\u00eddanos com a director titular del Clar\u00edn ser\u00e0 el pr\u00f2xim 29 de desembre, a les 20 hores<\/strong><\/p>\n\n<p>L\u2019Ateneu Musical i d\u2019Ensenyament Banda Primitiva de Ll\u00edria i Javier Engu\u00eddanos posen punt final a un cicle art\u00edstic molt prol\u00edfic, en un moment que la junta directiva de la societat qualifica com a \u201cfinal de cicle\u201d.<\/p>\n\n<p>El final d\u2019esta etapa es tancar\u00e0 amb m\u00fasica, en un concert extraordinari el pr\u00f2xim 29 de desembre, a les 20 hores; en el que ser\u00e0 l\u2019\u00faltim acte d\u2019Engu\u00eddanos com a director titular de la bicenten\u00e0ria societat.<\/p>\n\n<p>\u201cPer damunt de tot, des de la junta directiva volem agrair a Javi el seu treball encomiable durant els \u00faltims nou anys -, declara el president de la Primitiva, Jos\u00e9 Luis P\u00e9rez -, en qu\u00e8 la banda ha assolit un alt nivell musical\u201d.<\/p>\n\n<p>De tota manera, \u201cconsiderem que hem arribat a un final de cicle en qu\u00e8 s\u2019han aconseguit tots els objectius marcats i que ha arribat el moment de fer un canvi al capdavant de l\u2019agrupaci\u00f3\u201d.<\/p>\n\n<p>En juliol de l\u2019any 2018, l\u2019actual junta directiva de la Banda Primitiva va assumir la gesti\u00f3 de la societat despr\u00e9s d\u2019una convocat\u00f2ria electoral fora del seu calendari habitual; fet que va motivar a la directiva a mantenir la titularitat de totes les agrupacions.<\/p>\n\n<p>\u201cEl primer que vaig transmetre a tots els directors va ser que el m\u00e9s important era il\u00b7lusionar de nou a la societat i centrar-se en la preparaci\u00f3 del nostre bicentenari i que, en arribar el moment, valorar\u00edem els projectes individuals de cadascuna de les agrupacions\u201d. <\/p>\n\n<p>En els \u00faltims cinc anys, s\u2019ha portat endavant la renovaci\u00f3 en la resta d\u2019agrupacions del Clar\u00edn amb l\u2019arribada de Chano Silvestre (Banda Juvenil), Empar Ll\u00e0cer (Coral Polif\u00f2nica) i el recent anunci de Paco Ib\u00e1\u00f1ez com a director del Grup de Teatre. <\/p>\n\n<p>El cicle actual finalitzar\u00e0 el 29 de desembre i, fins a ixe moment, la Banda Primitiva no ha contemplat quin ser\u00e0 el futur de l\u2019agrupaci\u00f3. \u201cEl canvi a la direcci\u00f3 de la banda no ve motivat per l\u2019entrada d\u2019un altre director o directora al capdavant de l\u2019agrupaci\u00f3 &#8211; reconeix el president-; ixe ser\u00e0 l\u2019assumpte que comen\u00e7arem a valorar una volta celebrem el concert de Nadal. <\/p>\n\n<p><strong>Etapa d&#8217;\u00e8xits<\/strong><\/p>\n\n<p>Javier Engu\u00eddanos tanca la seua etapa en la Banda Primitiva amb una dilatada traject\u00f2ria, com un dels directors amb major nombre d&#8217;anys al capdavant de l&#8217;agrupaci\u00f3 en tota la seua hist\u00f2ria i com la batuta que m\u00e9s cert\u00e0mens ha conquistat des de l&#8217;etapa daurada de Jos\u00e9 Mar\u00eda Malato.<\/p>\n\n<p>Sota la seua batuta, l\u2019agrupaci\u00f3 ha aconseguint tres vict\u00f2ries a diferents cert\u00e0mens: el primer premi amb Menci\u00f3 d\u2019Honor al Certamen Internacional Vila d\u2019Altea en dos ocasions (2017-2021) i el Primer Premi al Certamen Internacional de Bandes de M\u00fasica \u201cCiutat de Val\u00e8ncia\u201d 2022, amb el premi a la Millor Banda de la competici\u00f3 i el Premi al Millor Director.<\/p>\n\n<p>En addici\u00f3, Javier Engu\u00eddanos ha tingut l\u2019honor de ser el director del Clar\u00edn en l\u2019efem\u00e8ride del seu bicentenari l\u2019any 2019 i en el concert homenatge que el CIBM \u201cCiutat de Val\u00e8ncia\u201d va oferir a la banda pels seus 200 anys de vida, en juliol del mateix any. <\/p>\n\n<p>A m\u00e9s a m\u00e9s, ha dirigit a l\u2019agrupaci\u00f3 en concerts a Pamplona, la pla\u00e7a de Bous de Val\u00e8ncia, la pla\u00e7a de la Mare de D\u00e9u amb motiu de l\u2019Any Visent\u00ed, Torrevieja, Bunyol i Cullera, entre moltes altres poblacions.<\/p>\n\n<p>&#8220;Des del Clar\u00edn, li desitgem a Javi el millor per al seu futur en el m\u00f3n de la direcci\u00f3. De segur que t\u00e9 per davant nombrosos reptes i \u00e8xits. Com a m\u00fasic format al Clar\u00edn, i per la seua hist\u00f2ria com a director, esta sempre ser\u00e0 la seua casa&#8221;.<\/p>\n","protected":false},"excerpt":{"rendered":"<p>L\u2019\u00faltim concert de Javier Engu\u00eddanos com a director titular del Clar\u00edn ser\u00e0 el pr\u00f2xim 29 de desembre, a les 20 hores L\u2019Ateneu Musical i d\u2019Ensenyament Banda Primitiva de Ll\u00edria i Javier Engu\u00eddanos posen punt final a un cicle art\u00edstic molt prol\u00edfic, en un moment que la junta directiva de la societat qualifica com a \u201cfinal [&hellip;]<\/p>\n","protected":false},"author":17,"featured_media":60109,"comment_status":"open","ping_status":"closed","sticky":false,"template":"","format":"standard","meta":{"footnotes":""},"categories":[56],"tags":[],"class_list":["post-60111","post","type-post","status-publish","format-standard","has-post-thumbnail","hentry","category-societats-musicals"],"_links":{"self":[{"href":"https:\/\/fsmcv.org\/vl\/wp-json\/wp\/v2\/posts\/60111","targetHints":{"allow":["GET"]}}],"collection":[{"href":"https:\/\/fsmcv.org\/vl\/wp-json\/wp\/v2\/posts"}],"about":[{"href":"https:\/\/fsmcv.org\/vl\/wp-json\/wp\/v2\/types\/post"}],"author":[{"embeddable":true,"href":"https:\/\/fsmcv.org\/vl\/wp-json\/wp\/v2\/users\/17"}],"replies":[{"embeddable":true,"href":"https:\/\/fsmcv.org\/vl\/wp-json\/wp\/v2\/comments?post=60111"}],"version-history":[{"count":0,"href":"https:\/\/fsmcv.org\/vl\/wp-json\/wp\/v2\/posts\/60111\/revisions"}],"wp:featuredmedia":[{"embeddable":true,"href":"https:\/\/fsmcv.org\/vl\/wp-json\/wp\/v2\/media\/60109"}],"wp:attachment":[{"href":"https:\/\/fsmcv.org\/vl\/wp-json\/wp\/v2\/media?parent=60111"}],"wp:term":[{"taxonomy":"category","embeddable":true,"href":"https:\/\/fsmcv.org\/vl\/wp-json\/wp\/v2\/categories?post=60111"},{"taxonomy":"post_tag","embeddable":true,"href":"https:\/\/fsmcv.org\/vl\/wp-json\/wp\/v2\/tags?post=60111"}],"curies":[{"name":"wp","href":"https:\/\/api.w.org\/{rel}","templated":true}]}}