{"id":60128,"date":"2022-11-16T10:25:01","date_gmt":"2022-11-16T09:25:01","guid":{"rendered":"https:\/\/fsmcv.org\/certamens\/les-escoles-de-musica-de-la-foia-de-bunol-chiva-reuneixen-mes-de-1000-persones-a-alborache\/"},"modified":"2022-11-16T10:29:28","modified_gmt":"2022-11-16T09:29:28","slug":"les-escoles-de-musica-de-la-foia-de-bunol-chiva-reuneixen-mes-de-1000-persones-a-alborache","status":"publish","type":"post","link":"https:\/\/fsmcv.org\/vl\/noticies-campanyes\/activitats-comarcals\/les-escoles-de-musica-de-la-foia-de-bunol-chiva-reuneixen-mes-de-1000-persones-a-alborache\/","title":{"rendered":"<strong>Les Escoles de M\u00fasica de la Foia de Bu\u00f1ol-Chiva reuneixen m\u00e9s de 1000 persones a Alborache<\/strong>"},"content":{"rendered":"\n<p><strong>Alborache.-16.11.2022.- <\/strong>Les escoles de m\u00fasica de les Societats Musicals de la Foia de Bu\u00f1ol-Chiva i m\u00e9s de 1.000 persones es van reunir diumenge passat a Alborache per a celebrar la XX Trobada Comarcal d&#8217;Escoles de M\u00fasica organitzat per la Federaci\u00f3 de Societats Musicals de la Comunitat Valenciana (FSMCV). Una jornada musical, l\u00fadica, plena de color i de vida en la qual el protagonisme va ser per als alumnes i alumnes d&#8217;aquestes escoles i en la qual l&#8217;Ajuntament d&#8217;Alborache va dedicar tot el seu esfor\u00e7 perqu\u00e8 totes les persones passaren un dia inoblidable.<\/p>\n\n<p>Per a aix\u00f2, el consistori va treballar juntament amb la SIM d&#8217;Alborache per a facilitar el desenvolupament i la consecuci\u00f3 de tots els actes programats, tant econ\u00f2micament com amb la participaci\u00f3 directa de tot l&#8217;equip de govern municipal en l&#8217;esdeveniment.<\/p>\n\n<p>Aix\u00ed mateix, per a la jornada es va programar un ampli programa d&#8217;activitats com: jocs, tallers&#8230; tampoc va faltar la desfilada dels alumnes de les escoles de m\u00fasica per tot el municipi, i el tradicional tancament de l&#8217;acte en el qual tots interpretaran conjuntament \u201cVal\u00e8ncia\u201d de Padilla. Aix\u00ed mateix, des de l&#8217;Ajuntament es va organitzar per al menjar de germanor una paella gegant per a totes i tots els assistents i es va entregar a cada participant una placa commemorativa de la jornada.<\/p>\n\n<p>\u201cEns hem implicat al m\u00e0xim en aquest vint aniversari de la trobada musical, perqu\u00e8 vol\u00edem donar-li la rellev\u00e0ncia que es mereixia\u201d, ha assenyalat l&#8217;alcaldessa d&#8217;Alborache, Paqui Collado, qui a m\u00e9s ha agra\u00eft la disposici\u00f3 i el bon fer de totes les escoles de m\u00fasica comarcals i de les autoritats en aquesta jornada musical.<\/p>\n\n<p>Finalment, la primer edil, ha mostrat les seues satisfacci\u00f3 pel resultat de la trobada, ja que \u201cva ser un dia inoblidable\u201d i ha ressaltat que tot aix\u00f2 \u201cno haguera pogut eixir tan b\u00e9 sense el treball i la implicaci\u00f3 de tot l&#8217;equip de govern\u201d<\/p>\n","protected":false},"excerpt":{"rendered":"<p>Alborache.-16.11.2022.- Les escoles de m\u00fasica de les Societats Musicals de la Foia de Bu\u00f1ol-Chiva i m\u00e9s de 1.000 persones es van reunir diumenge passat a Alborache per a celebrar la XX Trobada Comarcal d&#8217;Escoles de M\u00fasica organitzat per la Federaci\u00f3 de Societats Musicals de la Comunitat Valenciana (FSMCV). Una jornada musical, l\u00fadica, plena de color [&hellip;]<\/p>\n","protected":false},"author":17,"featured_media":60126,"comment_status":"open","ping_status":"closed","sticky":false,"template":"","format":"standard","meta":{"footnotes":""},"categories":[47],"tags":[],"class_list":["post-60128","post","type-post","status-publish","format-standard","has-post-thumbnail","hentry","category-activitats-comarcals"],"_links":{"self":[{"href":"https:\/\/fsmcv.org\/vl\/wp-json\/wp\/v2\/posts\/60128","targetHints":{"allow":["GET"]}}],"collection":[{"href":"https:\/\/fsmcv.org\/vl\/wp-json\/wp\/v2\/posts"}],"about":[{"href":"https:\/\/fsmcv.org\/vl\/wp-json\/wp\/v2\/types\/post"}],"author":[{"embeddable":true,"href":"https:\/\/fsmcv.org\/vl\/wp-json\/wp\/v2\/users\/17"}],"replies":[{"embeddable":true,"href":"https:\/\/fsmcv.org\/vl\/wp-json\/wp\/v2\/comments?post=60128"}],"version-history":[{"count":0,"href":"https:\/\/fsmcv.org\/vl\/wp-json\/wp\/v2\/posts\/60128\/revisions"}],"wp:featuredmedia":[{"embeddable":true,"href":"https:\/\/fsmcv.org\/vl\/wp-json\/wp\/v2\/media\/60126"}],"wp:attachment":[{"href":"https:\/\/fsmcv.org\/vl\/wp-json\/wp\/v2\/media?parent=60128"}],"wp:term":[{"taxonomy":"category","embeddable":true,"href":"https:\/\/fsmcv.org\/vl\/wp-json\/wp\/v2\/categories?post=60128"},{"taxonomy":"post_tag","embeddable":true,"href":"https:\/\/fsmcv.org\/vl\/wp-json\/wp\/v2\/tags?post=60128"}],"curies":[{"name":"wp","href":"https:\/\/api.w.org\/{rel}","templated":true}]}}