{"id":60335,"date":"2022-11-18T13:59:51","date_gmt":"2022-11-18T12:59:51","guid":{"rendered":"https:\/\/fsmcv.org\/certamens\/la-unio-musical-de-torrent-homenatja-el-compositor-mexica-arturo-marquez-lany-del-seu-50-aniversari-i-el-nomena-director-honorific-de-la-seua-banda-simfonica\/"},"modified":"2022-11-18T14:15:53","modified_gmt":"2022-11-18T13:15:53","slug":"la-unio-musical-de-torrent-homenatja-el-compositor-mexica-arturo-marquez-lany-del-seu-50-aniversari-i-el-nomena-director-honorific-de-la-seua-banda-simfonica","status":"publish","type":"post","link":"https:\/\/fsmcv.org\/vl\/societats-musicals\/la-unio-musical-de-torrent-homenatja-el-compositor-mexica-arturo-marquez-lany-del-seu-50-aniversari-i-el-nomena-director-honorific-de-la-seua-banda-simfonica\/","title":{"rendered":"<strong>La Uni\u00f3 Musical de Torrent homenatja el compositor mexic\u00e0 Arturo M\u00e1rquez l&#8217;any del seu 50 aniversari i el nomena Director Honor\u00edfic de la seua banda simf\u00f2nica<\/strong>"},"content":{"rendered":"\n<p><em>Ser\u00e0 durant el Concert Extraordinari de Santa Cecilia que tindr\u00e0 lloc el dissabte 26 de novembre i que comptar\u00e0 amb la participaci\u00f3 del trompetista vene\u00e7ol\u00e0 Pacho Flores<\/em><\/p>\n\n<p><em>L&#8217;entitat celebra des del 12 de novembre la XLVI Setmana Cultural que inclou multitud d&#8217;activitats a c\u00e0rrec de les diferents agrupacions de la Uni\u00f3<\/em><\/p>\n\n<p><em>La Va unir Musical de Torrent va n\u00e0ixer al febrer de 1973 despr\u00e9s de la fusi\u00f3 de la Banda de M\u00fasica Patronat de la Joventut Obrera i l&#8217;Associaci\u00f3 Musical La Cl\u00e0ssica de Torrent<\/em><\/p>\n\n<p class=\"has-text-align-right\">Torrent, 15 de novembre de 2022.<\/p>\n\n<p>La Uni\u00f3 Musical de Torrent ha volgut que l&#8217;any del seu 50 aniversari el Concert Extraordinari de Santa Cecilia siga m\u00e9s extraordinari que mai. I per aix\u00f2 ha decidit homenatjar a un dels compositors actuals de m\u00fasica de banda m\u00e9s rellevants, el mexic\u00e0 Arturo M\u00e1rquez, a qui estar\u00e0 dedicat \u00edntegrament el concert i que, a m\u00e9s, ser\u00e0 nomenat Director Honor\u00edfic de la formaci\u00f3.<\/p>\n\n<p>El concert, que se celebrar\u00e0 el dissabte 26 de novembre a les 18.30 hores en l&#8217;Auditori Vicent Torrent, comptar\u00e0 a m\u00e9s amb un altre convidat d&#8217;excepci\u00f3: el reconegut solista vene\u00e7ol\u00e0 Pacho Flores. El trompetista internacional interpretar\u00e0 algunes de les obres seleccionades per Frank de Vuyst per al concert, entre elles el <em>Concierto de Oto\u00f1o<\/em>, dedicat per Arturo M\u00e1rquez a Pacho Flores. Aquesta obra va ser un enc\u00e0rrec compartit de les orquestres Nacional de M\u00e8xic, Simf\u00f2nica de Tucson, Orquestra del Centre d&#8217;Arts Esc\u00e8niques d&#8217;Hyogo (el Jap\u00f3) i l&#8217;Oviedo Filarmon\u00eda.<\/p>\n\n<p>Com explica el director de la banda de la Uni\u00f3, Frank de Vuyst <em>\u201cArturo M\u00e1rquez \u00e9s conegut a tot el m\u00f3n, gr\u00e0cies al seu Danz\u00f3n n\u00ba2, una obra que s&#8217;ha guanyat un lloc en la mem\u00f2ria col\u00b7lectiva, no sols de m\u00fasics sin\u00f3 tamb\u00e9 del p\u00fablic en general. El concert vol ser un homenatge al compositor, en gratitud a l&#8217;alegria que ens d\u00f3na la seua m\u00fasica a l&#8217;hora de tocar-la, tant a qui ho toca com a qui ho escolta. A m\u00e9s, volem mostrar tamb\u00e9 al p\u00fablic que Arturo M\u00e1rquez \u00e9s molt m\u00e9s que el seu segon danz\u00f3n\u2026 Oferirem un programa molt complet amb obres de diversos estils, totes del mateix autor\u201d.<\/em>. I destaca la rellev\u00e0ncia del compositor m\u00e9s enll\u00e0 del context band\u00edstic, en el repertori universal: <em>\u201cM\u00e1rquez ha aconseguit entrar en aquest selecte club de compositors que \u00e9s reconegut per absolutament tothom. La gran majoria de les seues obres no s\u00f3n originals per a banda simf\u00f2nica, per\u00f2 s\u00ed que es presten com a anell al dit al nostre mitj\u00e0 band\u00edstic. Aix\u00f2 \u00e9s el que volem demostrar amb aquest concert\u201d.<\/em><\/p>\n\n<p>Per al president de la Uni\u00f3 Musical de Torrent, Jos\u00e9 Plaza, <em>\u201csi considerem que el Concert de Santa Cecilia \u00e9s el m\u00e9s important de l&#8217;any i enguany celebrem el nostre 50 Aniversari podem dir que potser aquest \u00e9s un dels m\u00e9s importants de la hist\u00f2ria de la UMT, si no el que m\u00e9s. Ho afrontem amb molta il\u00b7lusi\u00f3 ja que s&#8217;ha treballat molt per a aconseguir aquest concert de projecci\u00f3 internacional i segur que ser\u00e0 un gran \u00e8xit de cr\u00edtica i p\u00fablic\u201d.<\/em> A m\u00e9s el m\u00e0xim representant de l&#8217;entitat reitera a m\u00fasics, socis, simpatitzants de la UMT i aficionats a la m\u00fasica que <em>\u201cla UMT continua creixent musical i socialment amb l&#8217;objectiu de situar-nos entre les Societats Musicals m\u00e9s importants i referents de la Comunitat Valenciana\u201d.<\/em><\/p>\n\n<p>El programa s&#8217;iniciar\u00e0 amb el <em>Danz\u00f3n n\u00ba1<\/em> al qual seguir\u00e0 <em>Marchas de Duelo e Ira<\/em> i l&#8217;esmentat <em>Concierto de Oto\u00f1o<\/em>.. El concert prosseguir\u00e0 amb el <em>Danz\u00f3n n\u00fam. 8<\/em> i la <em>Conga del Fuego nuevo<\/em> i, per a finalitzar, el fam\u00f3s <em>Danz\u00f3n n\u00fam. 2<\/em>. Sens dubte un repertori que encantar\u00e0 al p\u00fablic, que podr\u00e0 gaudir d&#8217;una m\u00fasica que s&#8217;arrela en la tradici\u00f3 i g\u00e8neres musicals populars mexicans.<\/p>\n\n<p>Fins al dia 26 m\u00fasics i director treballen amb gran entusiasme perqu\u00e8 <em>\u201ctots s\u00f3n molt conscients de qu\u00e8 es tracta d&#8217;un concert molt especial, amb uns convidats de luxe. \u00c9s m\u00fasica molt agradable per a assajar (alhora que exigent), i estem treballant molt perqu\u00e8 el p\u00fablic el puga gaudir a l&#8217;igual com nosaltres preparant-lo\u201d,<\/em> explica Frank de Vuyst.<\/p>\n\n<p>A m\u00e9s, per a con\u00e8ixer millor a Arturo M\u00e1rquez, la Uni\u00f3 ha organitzat una trobada el dijous 24 a les 19 hores en el local social en el qual de Vuyst entrevistar\u00e0 el compositor mexic\u00e0, qui parlar\u00e0 de les obres seleccionades per al concert a m\u00e9s de repassar la seua traject\u00f2ria professional i personal.<\/p>\n\n<p><strong>Benvinguda als nous m\u00fasics<\/strong><\/p>\n\n<p>El concert de Santa Cecilia servir\u00e0, a m\u00e9s, i com \u00e9s tradicional, per a donar la benvinguda als nous m\u00fasics que s&#8217;incorporen a la seua banda simf\u00f2nica i que s\u00f3n Mar\u00eda Carrero Quintana, Carmen Furi\u00f3 G\u00f3mez i Guillem Puig Baviera (clarinets), Claudia Tur Le\u00f3n (contrabaix), Quique Aleixos Zuriaga i Mateo Viso Braulio (tubes), Julia Bermell Castillo (trompa), Guillermo Viso Braulio (trompeta), Juan Carrero Quintana i Celia Pardo Cuadros (obo\u00e9s), Ana Aleixos Costa (flauta) i Pedro Jos\u00e9 Viso Roger (saxo).<\/p>\n\n<p><strong>Entrades per al concert<\/strong><\/p>\n\n<p>Les entrades per al Concert Extraordinari de Santa Cecilia s\u00f3n gratu\u00eftes i es podran adquirir a partir del dia 17 de novembre \u00fanicament en les taquilles de L&#8217;Auditori en el seu horari habitual (dijous de 17 a 20 hores; divendres d&#8217;11 a 13 hores i dues hores abans de qualsevol espectacle).<\/p>\n\n<p><strong>XLVI Setmana Musical des del 12 de novembre<\/strong><\/p>\n\n<p>El concert de Santa Cecilia posar\u00e0 punt final a la XLVI Setmana Cultural de la Uni\u00f3 que inclou multitud d&#8217;activitats a c\u00e0rrec de les diferents agrupacions i que va comen\u00e7ar dissabte passat 12 de novembre amb un concert en el qual l&#8217;Ajuntament de Torrent i la UMT van rendir un homenatge a un il\u00b7lustre \u201cTorrent\u00ed que fa banda\u201d, el membre i amic de la Uni\u00f3 Jos\u00e9 Ribera Tordera \u201cPenya\u201d, mort recentment.<\/p>\n\n<p>Des d\u2019aleshores i fins al dia 26 s&#8217;han programat actuacions de totes les seccions musicals de l&#8217;entitat aix\u00ed com d&#8217;algunes m\u00e9s que s&#8217;han creat especialment per a aquest gran aniversari. Aix\u00ed, es podr\u00e0 escoltar a la banda juvenil, banda s\u00e8nior, una selecci\u00f3 de rapsodes, joves solistes, la formaci\u00f3 Low Brass, grups de cambra, jove orquestra, coral polif\u00f2nica, ensembles, big band, etc.<\/p>\n\n<p>La programaci\u00f3 completa es pot consultar en la web de la UMT: <a href=\"https:\/\/uniomusicaltorrent.es\/\" target=\"_blank\" rel=\"noopener\">https:\/\/uniomusicaltorrent.es\/<\/a> i en les seues xarxes socials.<\/p>\n\n<p><strong>Un intens 2022<\/strong><\/p>\n\n<p>La Uni\u00f3 Musical de Torrent va arrancar oficialment el seu 50 aniversari el passat 18 de juny amb un concert de la seua banda simf\u00f2nica dirigida per Frank de Vuyst en la pla\u00e7a de l&#8217;Esgl\u00e9sia. Un concert durant el qual es va presentar el disc que l&#8217;entitat ha dedicat al que f\u00f3ra el director fundador de la Uni\u00f3, Mariano Puig Yago.<\/p>\n\n<p>Despr\u00e9s d&#8217;aquest concert d&#8217;inauguraci\u00f3, les activitats van continuar el 25 de juny amb la XXII edici\u00f3 del Festival Coral, que enguany va comptar amb la participaci\u00f3 de l&#8217;Orfe\u00f3 Polif\u00f2nic del Cercle Cat\u00f2lic de Torrent, Pl\u00e8iades Cor Jove, Cor de la Rectoria El R\u00e0fol d&#8217;Alm\u00fania, Conjunt coral de l&#8217;escola de la UMT i Coral Polif\u00f2nica de la Uni\u00f3 Musical de Torrent.<\/p>\n\n<p>Ja en el mes de juliol, a m\u00e9s de celebrar una nova edici\u00f3 del FORUMT, la Uni\u00f3 Musical va participar en el festival Torrent a dos bandes que es va celebrar el dia 23 en la pla\u00e7a de l&#8217;esgl\u00e9sia i un dia m\u00e9s tard, el 24, va tenir lloc l&#8217;espectacle Kiko Berenguer Freedom Symphonic al costat de la banda simf\u00f2nica UMT, amb el qual es va clausurar el Festival de Jazz Ciutat de Torrent als jardins de l\u2019Hort de Tr\u00e9nor.<\/p>\n\n<p>El dia 26 la sarsuela va ser la protagonista de la m\u00e0 de la Jove Orquestra Simf\u00f2nica i la Coral Polif\u00f2nica, acompanyades dels solistes Pascual Andreu, Saray Garc\u00eda, Bel\u00e9n Roig i David As\u00edn.<\/p>\n\n<p>Despr\u00e9s de l&#8217;estiu, l&#8217;entitat ha continuat amb diverses actuacions destacant especialment l&#8217;acte de Presentaci\u00f3 i Exaltaci\u00f3 de la Musa de la m\u00fasica per a l&#8217;exercici 2022-2023 Marta Bermell Morera, celebrat el passat 2 d&#8217;octubre, i durant el qual es va homenatjar les dones que han ocupat aquest c\u00e0rrec al llarg de 5 d\u00e8cades d&#8217;hist\u00f2ria.<\/p>\n\n<p>I, una vegada conclosa la celebraci\u00f3 de Santa Cecilia, l&#8217;entitat continuar\u00e0 treballant amb l&#8217;objectiu d&#8217;afrontar, al juliol de 2024, el repte de participar en el Certamen Internacional de Bandes Ciutat de Val\u00e8ncia, per al qual, per primera vegada en la hist\u00f2ria de la societat, s&#8217;han encarregat dues obres a dos dels millors compositors del panorama internacional com s\u00f3n Jos\u00e9 Su\u00f1er Oriola i Francisco Jos\u00e9 Mart\u00ednez Gallego.<\/p>\n\n<p><strong>50 anys d&#8217;hist\u00f2ria<\/strong><\/p>\n\n<p>La Banda Simf\u00f2nica Uni\u00f3 Musical de Torrent \u00e9s una banda jove. La seua fundaci\u00f3 data de febrer de 1973 quan es van fusionar la centen\u00e0ria Banda de M\u00fasica \u201cPatronat de la Joventut Obrera\u201d i l&#8217;Associaci\u00f3 Musical \u201cLa Cl\u00e0ssica\u201d de Torrent. Va ser el seu Director-Fundador Mariano Puig Yago. Despr\u00e9s de la seua defunci\u00f3, a l&#8217;octubre de 1978, es va fer c\u00e0rrec de la direcci\u00f3 Enrique Andreu Romero.<\/p>\n\n<p>Al setembre de 1981 es contracta com a Director a Francisco Idilio Gimeno Mart\u00ednez i a l&#8217;octubre de 1996 es va fer c\u00e0rrec de la Banda Manuel Engu\u00eddanos *Cotanda.<br\/>Despr\u00e9s de la seua defunci\u00f3, al mar\u00e7 de 2011 es va fer c\u00e0rrec de la direcci\u00f3 Jos\u00e9 Mar\u00eda Ort\u00ed Soriano. Des de mar\u00e7 de 2014 Frank de Vuyst \u00e9s el Director Titular i Director Art\u00edstic.<\/p>\n\n<p>S\u00f3n ja famoses les Setmanes Musicals que organitza aquesta Societat anualment amb motiu de la festivitat de la Patrona de la M\u00fasica, Santa Cecilia, havent actuat en elles els millors concertistes actuals i grups de cambra d&#8217;Espanya i internacionals.<\/p>\n\n<p>Actualment aquesta Societat compta, a m\u00e9s d&#8217;amb la Banda Simf\u00f2nica, amb una Banda d&#8217;Iniciaci\u00f3, Banda Juvenil, Orquestra d&#8217;Iniciaci\u00f3, Orquestra Simf\u00f2nica, Coral Jove, Coral Polif\u00f2nica, Big band, aix\u00ed com d&#8217;un quartet de saxos, quintet de clarinets, grup de metalls i grup de percussi\u00f3 que realitzen nombroses actuacions.<\/p>\n\n<p>La inquietud de la Uni\u00f3 Musical de Torrent per la m\u00fasica i l&#8217;ensenyament li va portar a organitzar un curs d&#8217;estiu, pioner a Espanya, que en 2022 amb el nom de \u201cFORUMT d&#8217;Interpretaci\u00f3 i Perfeccionament Musical Ciutat de Torrent\u201d ha celebrat la seua XLI edici\u00f3.<\/p>\n\n<p>En 2015 la banda simf\u00f2nica va obtindre el Primer Premi i Esment d&#8217;Honor en el Certamen Internacional Vila d&#8217;Altea. Des de l&#8217;any 1991 participa en la Secci\u00f3 d&#8217;Honor del Certamen Internacional de Bandes de M\u00fasica de Val\u00e8ncia, havent obtingut sis primers premis.<\/p>\n\n<p><strong>Enlla\u00e7os d\u00b4inter\u00e9s<\/strong><\/p>\n\n<p>Web UMT: <a href=\"https:\/\/uniomusicaltorrent.es\/\" target=\"_blank\" rel=\"noopener\">https:\/\/uniomusicaltorrent.es\/<\/a><\/p>\n\n<p>Semana Musical:<\/p>\n\n<p><a href=\"https:\/\/drive.google.com\/file\/d\/1P9005EycUmL0e0zqDNeQnzdZmZT6_2VL\/view\" target=\"_blank\" rel=\"noopener\">https:\/\/drive.google.com\/file\/d\/1P9005EycUmL0e0zqDNeQnzdZmZT6_2VL\/view<\/a><\/p>\n\n<p><strong>M\u00e9s informaci\u00f3 y contacte:<\/strong><\/p>\n\n<p>Jos\u00e9 Plaza (president) Cristina Qu\u00edlez (comunicaci\u00f3)<\/p>\n\n<p>Tel. 667 67 28 42 Tel. 655 201507<\/p>\n\n<figure class=\"wp-block-image size-large\"><img decoding=\"async\" src=\"https:\/\/fsmcv.org\/wp-content\/uploads\/2022\/11\/PROGRAMA-CONCIERTO-SANTA-CECILIA-2022-1024x725.jpg\" alt=\"\" class=\"wp-image-60314\" title=\"\"><\/figure>\n<figure class=\"wp-block-image size-large\"><img decoding=\"async\" src=\"https:\/\/fsmcv.org\/wp-content\/uploads\/2022\/11\/PROGRAMA-CONCIERTO-SANTA-CECILIA-2022_page-0002-1024x725.jpg\" alt=\"\" class=\"wp-image-60316\" title=\"\"><\/figure>","protected":false},"excerpt":{"rendered":"<p>Ser\u00e0 durant el Concert Extraordinari de Santa Cecilia que tindr\u00e0 lloc el dissabte 26 de novembre i que comptar\u00e0 amb la participaci\u00f3 del trompetista vene\u00e7ol\u00e0 Pacho Flores L&#8217;entitat celebra des del 12 de novembre la XLVI Setmana Cultural que inclou multitud d&#8217;activitats a c\u00e0rrec de les diferents agrupacions de la Uni\u00f3 La Va unir Musical [&hellip;]<\/p>\n","protected":false},"author":17,"featured_media":60315,"comment_status":"open","ping_status":"closed","sticky":false,"template":"","format":"standard","meta":{"footnotes":""},"categories":[56],"tags":[],"class_list":["post-60335","post","type-post","status-publish","format-standard","has-post-thumbnail","hentry","category-societats-musicals"],"_links":{"self":[{"href":"https:\/\/fsmcv.org\/vl\/wp-json\/wp\/v2\/posts\/60335","targetHints":{"allow":["GET"]}}],"collection":[{"href":"https:\/\/fsmcv.org\/vl\/wp-json\/wp\/v2\/posts"}],"about":[{"href":"https:\/\/fsmcv.org\/vl\/wp-json\/wp\/v2\/types\/post"}],"author":[{"embeddable":true,"href":"https:\/\/fsmcv.org\/vl\/wp-json\/wp\/v2\/users\/17"}],"replies":[{"embeddable":true,"href":"https:\/\/fsmcv.org\/vl\/wp-json\/wp\/v2\/comments?post=60335"}],"version-history":[{"count":0,"href":"https:\/\/fsmcv.org\/vl\/wp-json\/wp\/v2\/posts\/60335\/revisions"}],"wp:featuredmedia":[{"embeddable":true,"href":"https:\/\/fsmcv.org\/vl\/wp-json\/wp\/v2\/media\/60315"}],"wp:attachment":[{"href":"https:\/\/fsmcv.org\/vl\/wp-json\/wp\/v2\/media?parent=60335"}],"wp:term":[{"taxonomy":"category","embeddable":true,"href":"https:\/\/fsmcv.org\/vl\/wp-json\/wp\/v2\/categories?post=60335"},{"taxonomy":"post_tag","embeddable":true,"href":"https:\/\/fsmcv.org\/vl\/wp-json\/wp\/v2\/tags?post=60335"}],"curies":[{"name":"wp","href":"https:\/\/api.w.org\/{rel}","templated":true}]}}