{"id":60342,"date":"2022-11-18T14:27:04","date_gmt":"2022-11-18T13:27:04","guid":{"rendered":"https:\/\/fsmcv.org\/certamens\/lateneu-enceta-les-activitats-en-honor-a-la-patrona-santa-cecilia\/"},"modified":"2022-11-18T14:35:15","modified_gmt":"2022-11-18T13:35:15","slug":"lateneu-enceta-les-activitats-en-honor-a-la-patrona-santa-cecilia","status":"publish","type":"post","link":"https:\/\/fsmcv.org\/vl\/societats-musicals\/lateneu-enceta-les-activitats-en-honor-a-la-patrona-santa-cecilia\/","title":{"rendered":"L\u2019ATENEU ENCETA LES ACTIVITATS EN HONOR A LA PATRONA SANTA CEC\u00cdLIA"},"content":{"rendered":"\n<p>Com tots els anys i tots els anys en pl\u00e9 mes de novembre, la Societat Ateneu Musical de Cocentaina es disposa a celebrar els actes en Honor a Santa Cec\u00edlia, Patrona de la M\u00fasica. Aquests actes comen\u00e7aran el proper <strong>diumenge dia 20<\/strong>, amb la tradicional <strong>Missa<\/strong> en honor a Santa Cec\u00edlia que es celebrar\u00e0 a l\u2019esgl\u00e9sia del Convent a les 9:30 h., i que enguany comptar\u00e0 amb la participaci\u00f3 del Grup de Flautes de l\u2019Ateneu, tot seguit tindr\u00e0 lloc la tradicional <strong>Arrepleg\u00e0<\/strong> dels 2 nous m\u00fasics que entren a la Banda, un dels actes m\u00e9s emotius d\u2019aquesta celebraci\u00f3, per conclou-re el mat\u00ed amb un passacarrer de la Banca. Ja per la vesprada a les 18 h. i al Centre Cultural El Teular, diferents Ensembles de l\u2019Ateneu oferiran un <strong>Concert de Cambra.<\/strong><\/p>\n\n<p>I finalment les activitats culminar\u00e0n el <strong>dissabte 26<\/strong> de novembre amb el <strong>Concert<\/strong> a c\u00e0rrec de la Banda Jove dirigida per Andrea Sebasti\u00e1 i de la Banda de l\u2019Ateneu amb el seu Director Jos\u00e9 Miguel Fayos. Ser\u00e0 al Teular a les 19 h. on farem la cloenda de les celebracions de la nostra patrona. A continuaci\u00f3 celebrarem el tamb\u00e9 tradicional <strong>Sopar de Germanor.<\/strong><\/p>\n\n<p>Al llarg d\u2019aquestes setmanes anirem ampliant la informaci\u00f3.<\/p>\n\n<p><strong>Cocentaina, 14 de novembre de 2022<\/strong><\/p>\n","protected":false},"excerpt":{"rendered":"<p>Com tots els anys i tots els anys en pl\u00e9 mes de novembre, la Societat Ateneu Musical de Cocentaina es disposa a celebrar els actes en Honor a Santa Cec\u00edlia, Patrona de la M\u00fasica. Aquests actes comen\u00e7aran el proper diumenge dia 20, amb la tradicional Missa en honor a Santa Cec\u00edlia que es celebrar\u00e0 a [&hellip;]<\/p>\n","protected":false},"author":17,"featured_media":60340,"comment_status":"open","ping_status":"closed","sticky":false,"template":"","format":"standard","meta":{"footnotes":""},"categories":[56],"tags":[],"class_list":["post-60342","post","type-post","status-publish","format-standard","has-post-thumbnail","hentry","category-societats-musicals"],"_links":{"self":[{"href":"https:\/\/fsmcv.org\/vl\/wp-json\/wp\/v2\/posts\/60342","targetHints":{"allow":["GET"]}}],"collection":[{"href":"https:\/\/fsmcv.org\/vl\/wp-json\/wp\/v2\/posts"}],"about":[{"href":"https:\/\/fsmcv.org\/vl\/wp-json\/wp\/v2\/types\/post"}],"author":[{"embeddable":true,"href":"https:\/\/fsmcv.org\/vl\/wp-json\/wp\/v2\/users\/17"}],"replies":[{"embeddable":true,"href":"https:\/\/fsmcv.org\/vl\/wp-json\/wp\/v2\/comments?post=60342"}],"version-history":[{"count":0,"href":"https:\/\/fsmcv.org\/vl\/wp-json\/wp\/v2\/posts\/60342\/revisions"}],"wp:featuredmedia":[{"embeddable":true,"href":"https:\/\/fsmcv.org\/vl\/wp-json\/wp\/v2\/media\/60340"}],"wp:attachment":[{"href":"https:\/\/fsmcv.org\/vl\/wp-json\/wp\/v2\/media?parent=60342"}],"wp:term":[{"taxonomy":"category","embeddable":true,"href":"https:\/\/fsmcv.org\/vl\/wp-json\/wp\/v2\/categories?post=60342"},{"taxonomy":"post_tag","embeddable":true,"href":"https:\/\/fsmcv.org\/vl\/wp-json\/wp\/v2\/tags?post=60342"}],"curies":[{"name":"wp","href":"https:\/\/api.w.org\/{rel}","templated":true}]}}