{"id":60364,"date":"2022-11-18T14:41:33","date_gmt":"2022-11-18T13:41:33","guid":{"rendered":"https:\/\/fsmcv.org\/certamens\/la-societat-musical-lentusiasta-de-benifairo-de-la-valldigna-participara-en-el-certamen-autonomic-de-bandes-de-la-diputacio-de-valencia-valencia-15-gener-2023-palau-de-les-arts\/"},"modified":"2022-11-18T14:45:29","modified_gmt":"2022-11-18T13:45:29","slug":"la-societat-musical-lentusiasta-de-benifairo-de-la-valldigna-participara-en-el-certamen-autonomic-de-bandes-de-la-diputacio-de-valencia-valencia-15-gener-2023-palau-de-les-arts","status":"publish","type":"post","link":"https:\/\/fsmcv.org\/vl\/societats-musicals\/la-societat-musical-lentusiasta-de-benifairo-de-la-valldigna-participara-en-el-certamen-autonomic-de-bandes-de-la-diputacio-de-valencia-valencia-15-gener-2023-palau-de-les-arts\/","title":{"rendered":"LA SOCIETAT MUSICAL L&#8217;ENTUSIASTA DE BENIFAIR\u00d3 DE LA VALLDIGNA PARTICIPAR\u00c0 EN EL CERTAMEN AUTON\u00d2MIC DE BANDES DE LA DIPUTACI\u00d3 DE VAL\u00c8NCIA VAL\u00c8NCIA 15 GENER 2023 PALAU DE LES ARTS"},"content":{"rendered":"\n<p>La societat musical L\u00b4Entusiasta de Benifair\u00f3 de la Valldigna, participar\u00e0 el pr\u00f2xim 15 de Gener de 2023 en el final del Certamen Auton\u00f2mic de Bandes de la Diputaci\u00f3, a celebrar en el Palau de les Arts de la ciutat de Val\u00e8ncia.<\/p>\n\n<p>La banda benifaironera, participar\u00e0 en el citat event musical com la guanyadora del 1er Premi i Menci\u00f3 d&#8217;Honor de la Segona Secci\u00f3 del Certamen de la Diputaci\u00f3 de Val\u00e8ncia, que se celebr\u00e0 en la localitat de Ll\u00edria el passat 15 d&#8217;octubre.<\/p>\n\n<p>En el citat Certamen Auton\u00f2mic de Bandes, participar\u00e0 en primer lloc a partir de les 16:30, la banda que fou guanyadora de la Secci\u00f3 Segona de la Diputaci\u00f3 de Castell\u00f3, l&#8217; Uni\u00f3 Musical <em>Vallduxense de la Vall d\u00b4<\/em>Uix\u00f2, en segon lloc ho far\u00e0 la Societat Musical L\u00b4Entusiasta i en tercer lloc participar\u00e0 l&#8217; Ateneu Musical de Cocentaina, com a guanyadora de la Segona Secci\u00f3 del Certamen de la Diputaci\u00f3 d&#8217;Alacant.<\/p>\n\n<p>Com obra obligada per a les tres bandes, interpretaran \u201cEl Gran Mond\u00faber\u201d del compositor Xavier Art\u00e9s Arlandis. El citat poema simf\u00f2nic, d&#8217;uns 14 minuts de duraci\u00f3, est\u00e0 dividit en quatre seccions, a trav\u00e9s de les quals i de forma encadenada, s\u00b4aconsegueix fer una descripci\u00f3 ascendent del m\u00e0ssic muntany\u00f3s de la comarca de La Safor.<\/p>\n\n<p>Per la seua part la societat musical L\u00b4Entusiasta de Benifair\u00f3 de la Valldigna, estar\u00e0 dirigida pel seu titular Carles Sancho Cantus, i posar\u00e0 en escena com obra de lliure eleccio \u201cThe Rise Of The Phoenix\u201d de Teo Aparicio Barber\u00e1n, que fou la mateixa pe\u00e7a musical que interpret\u00e0 en el Certamen de la Diputaci\u00f3 de Val\u00e8ncia celebrat en Ll\u00edria 2022.<\/p>\n\n<p>Abans del citat Certamen Auton\u00f2mic de Bandes, L\u00b4Entusiasta realitzar\u00e0 durant la setmana del 15 al 27 d&#8217;este mes, els actes festius de commemoraci\u00f3 de la patrona de la musica i el dia 26 el Concert de Santa Cecilia, i posteriorment en el mes de Desembre el tradicional Concert de Nadal.<br\/><\/p>\n\n<figure class=\"wp-block-image size-full\"><img fetchpriority=\"high\" decoding=\"async\" width=\"591\" height=\"796\" src=\"https:\/\/fsmcv.org\/wp-content\/uploads\/2022\/11\/caratula-1.jpg\" alt=\"\" class=\"wp-image-60361\" title=\"\"><\/figure>\n<figure class=\"wp-block-image size-large\"><img decoding=\"async\" src=\"https:\/\/fsmcv.org\/wp-content\/uploads\/2022\/11\/el-gran-monduver-1-727x1024.jpg\" alt=\"\" class=\"wp-image-60359\" title=\"\"><\/figure>\n<figure class=\"wp-block-image size-large\"><img decoding=\"async\" src=\"https:\/\/fsmcv.org\/wp-content\/uploads\/2022\/11\/IMG-20221110-WA0005-1024x768.jpg\" alt=\"\" class=\"wp-image-60357\" title=\"\"><\/figure>","protected":false},"excerpt":{"rendered":"<p>La societat musical L\u00b4Entusiasta de Benifair\u00f3 de la Valldigna, participar\u00e0 el pr\u00f2xim 15 de Gener de 2023 en el final del Certamen Auton\u00f2mic de Bandes de la Diputaci\u00f3, a celebrar en el Palau de les Arts de la ciutat de Val\u00e8ncia. La banda benifaironera, participar\u00e0 en el citat event musical com la guanyadora del 1er [&hellip;]<\/p>\n","protected":false},"author":17,"featured_media":60350,"comment_status":"open","ping_status":"closed","sticky":false,"template":"","format":"standard","meta":{"footnotes":""},"categories":[56],"tags":[],"class_list":["post-60364","post","type-post","status-publish","format-standard","has-post-thumbnail","hentry","category-societats-musicals"],"_links":{"self":[{"href":"https:\/\/fsmcv.org\/vl\/wp-json\/wp\/v2\/posts\/60364","targetHints":{"allow":["GET"]}}],"collection":[{"href":"https:\/\/fsmcv.org\/vl\/wp-json\/wp\/v2\/posts"}],"about":[{"href":"https:\/\/fsmcv.org\/vl\/wp-json\/wp\/v2\/types\/post"}],"author":[{"embeddable":true,"href":"https:\/\/fsmcv.org\/vl\/wp-json\/wp\/v2\/users\/17"}],"replies":[{"embeddable":true,"href":"https:\/\/fsmcv.org\/vl\/wp-json\/wp\/v2\/comments?post=60364"}],"version-history":[{"count":0,"href":"https:\/\/fsmcv.org\/vl\/wp-json\/wp\/v2\/posts\/60364\/revisions"}],"wp:featuredmedia":[{"embeddable":true,"href":"https:\/\/fsmcv.org\/vl\/wp-json\/wp\/v2\/media\/60350"}],"wp:attachment":[{"href":"https:\/\/fsmcv.org\/vl\/wp-json\/wp\/v2\/media?parent=60364"}],"wp:term":[{"taxonomy":"category","embeddable":true,"href":"https:\/\/fsmcv.org\/vl\/wp-json\/wp\/v2\/categories?post=60364"},{"taxonomy":"post_tag","embeddable":true,"href":"https:\/\/fsmcv.org\/vl\/wp-json\/wp\/v2\/tags?post=60364"}],"curies":[{"name":"wp","href":"https:\/\/api.w.org\/{rel}","templated":true}]}}