{"id":6078,"date":"2017-09-26T12:23:10","date_gmt":"2017-09-26T10:23:10","guid":{"rendered":"https:\/\/fsmcv.org\/?post_type=fsmcv-noticias&#038;p=6078"},"modified":"2021-03-31T14:19:17","modified_gmt":"2021-03-31T12:19:17","slug":"musicoleg-ramon-ahullo-presenta-dos-llibres-sobre-compositor-jose-serrano","status":"publish","type":"post","link":"https:\/\/fsmcv.org\/vl\/societats-musicals\/musicoleg-ramon-ahullo-presenta-dos-llibres-sobre-compositor-jose-serrano\/","title":{"rendered":"El music\u00f2leg Ram\u00f3n Ahull\u00f3 presenta dos llibres sobre el compositor suec\u00e0 Jos\u00e9 Serrano"},"content":{"rendered":"<p>La <strong>Sala SGAE Centre Cultural de Val\u00e8ncia<\/strong> (C\/Blanqueries, 6) acollir\u00e0 el dimecres<strong> 27 de setembre, a les 19 hores<\/strong>, la presentaci\u00f3 dels llibres <em>Jos\u00e9 Serrano (1873-1941). Del m\u00fasic popular al compositor desconegut<\/em>, de <strong>Ram\u00f3n Ahull\u00f3<\/strong>, i <em>Missa de Gl\u00f2ria a tres veus i cor. Una obra in\u00e8dita<\/em>, de Jos\u00e9 Serrano, amb estudi i transcripci\u00f3 de les partitures a c\u00e0rrec d&#8217;Ahull\u00f3. Publicats per la Instituci\u00f3 Alfons el Magn\u00e0nim-Centre Valenci\u00e0 d\u2019Estudis i d\u2019Investigaci\u00f3, tots dos volums tenen com a protagonista al mestre suec\u00e0 Jos\u00e9 Serrano, autor de la m\u00fasica de l&#8217;<em>Himne de la Comunitat Valenciana<\/em>, de sarsueles emblem\u00e0tiques com <em>La Dolorosa<\/em> i <em>Els clavells<\/em>, o de l&#8217;\u00f2pera <em>La venda dels gats,<\/em> i de qui, a m\u00e9s, en 2016 es va complir el 75 aniversari de la seua defunci\u00f3.<\/p>\n<p>L&#8217;acte comptar\u00e0 amb les intervencions de <strong>Ram\u00f3n Ahull\u00f3<\/strong> (autor), <strong>\u00c1lvaro Oltra<\/strong> (director de la SGAE de la Comunitat Valenciana), <strong>Abel Guarinos<\/strong> (director del Institut Valenci\u00e0 de Cultura) i <strong>Ramon Canut<\/strong> (codirector de les col\u00b7leccions de M\u00fasica del Magn\u00e0nim). A m\u00e9s, la soprano <strong>N\u00faria Naval<\/strong> i la pianista <strong>Amparo Ferr\u00eds<\/strong> interpretaran en directe diversos interludios musicals signats per Jos\u00e9 Serrano.<\/p>\n<h4>El mestre Serrano menys conegut<\/h4>\n<p>Amb t\u00edtols com <em>La reina mora<\/em> o <em>La can\u00e7\u00f3 de l&#8217;oblit<\/em>, Jos\u00e9 Serrano va ser un dels compositors m\u00e9s representatius de la sarsuela en el segle XX. L&#8217;enorme \u00e8xit collit per algunes de les seues obres va propiciar que, amb el temps, moltes altres de les seues composicions caigueren en l&#8217;oblit. En eixa l\u00ednia, precisament, el llibre <em>Jos\u00e9 Serrano (1873-1941). Del m\u00fasic popular al compositor desconegut<\/em>, de Ram\u00f3n Ahull\u00f3, incideix no solament en la variada i prol\u00edfica producci\u00f3 del m\u00fasic, sin\u00f3 tamb\u00e9 en altres aspectes, sovint ignorats, del seu corpus creatiu; per exemple, la seua relaci\u00f3 amb la Societat d&#8217;Autors Espanyols (germen de l&#8217;actual SGAE), la seua activitat empresarial o la seua implicaci\u00f3 amb les modes de l&#8217;\u00e8poca i el desenvolupament del teatre musical.<\/p>\n<p>Al costat d&#8217;aquest imprescindible volum, Ram\u00f3n Ahull\u00f3 ha recuperat una obra in\u00e8dita de Serrano, <em>Missa de Gl\u00f2ria a tres veus i cor<\/em>. La publicaci\u00f3 inclou un extens estudi musicol\u00f3gico de l&#8217;obra i el gui\u00f3 per a orquestra elaborat a partir de la revisi\u00f3 de les partitxeles manuscrites oblidades fins ara. Precisament, m\u00e9s d&#8217;un segle despr\u00e9s, la pe\u00e7a ser\u00e0 estrenada per l&#8217;Orquestra de Val\u00e8ncia i el Cor de la Generalitat Valenciana el divendres 6 d&#8217;octubre, en el Palau de la M\u00fasica de Val\u00e8ncia. El concert es repetir\u00e0 un dia despr\u00e9s en el Centre Cultural Bernat i Baldov\u00ed de Sueca.<\/p>\n<h4>A prop\u00f2sit de Ram\u00f3n Ahull\u00f3<\/h4>\n<p>Nascut a Sueca (Val\u00e8ncia) en 1964, Ram\u00f3n Ahull\u00f3 \u00e9s llicenciat en Hist\u00f2ria i Ci\u00e8ncies de la M\u00fasica, i doctor en Musicologia, per la Universitat de La Rioja, amb la seua tesi <em>El teatre musical de Jos\u00e9 Serrano (1873-1941) en el seu context<\/em>. Ha desenvolupat el seu treball de recerca entorn de la m\u00fasica espanyola i, en particular, el teatre l\u00edric de la segona meitat del segle XIX i primera del XX. Ha publicat diversos llibres relacionats amb el mestre Serrano; entre ells, el conte <em>Pare, vull ser m\u00fasic<\/em>. Ha sigut guardonat en els LXII Jocs Florals de Nules, en 2015, pel seu escrit <em>Dintre de la tradici\u00f3: Jos\u00e9 Serrano com a conreador de pasdobles<\/em>, i en els I Premis d\u2019Investigaci\u00f3 i Divulgaci\u00f3 de Nules, en 2016, per <em>A la recerca documental d\u2019un patrimoni oblidat: el teatre l\u00edric en valenci\u00e0<\/em>.<\/p>\n<h4>A prop\u00f2sit de Jos\u00e9 Serrano<\/h4>\n<p>Nascut a Sueca (Val\u00e8ncia) en 1873 i mort a Madrid en 1941, Jos\u00e9 Serrano va ser un dels compositors m\u00e9s rellevants de sarsuela durant el passat segle XX. Educat en un ambient musical, tocava el viol\u00ed i la guitarra, actuava en la banda que dirigia el seu pare, i va estudiar piano, harmonia i composici\u00f3. En 1889 es va traslladar a Val\u00e8ncia per a estudiar amb Salvador Giner i matricular-se en el Conservatori, a l&#8217;orquestra del qual es va incorporar tamb\u00e9. En 1895 va arribar a Madrid, on va treballar com a copista de Manuel Fern\u00e1ndez Caballero.<\/p>\n<p>Amb l&#8217;estrena, l&#8217;any 1900, de <em>El motet<\/em>, amb llibret dels germans \u00c1lvarez Quintero, Jos\u00e9 Serrano va trobar el cam\u00ed de l&#8217;\u00e8xit. Un triomf que va ser afermant en els anys seg\u00fcents amb <em>La reina mora<\/em>, <em>Moros i cristians<\/em>, <em>La can\u00e7\u00f3 de l&#8217;oblit<\/em>, <em>La Dolorosa<\/em>\u2026 En 1944, ja a t\u00edtol p\u00f2stum, es va estrenar <em>Golondrina de Madrid<\/em>. Serrano va signar tamb\u00e9 l&#8217;\u00f2pera <em>La venda dels gats<\/em>.<\/p>\n","protected":false},"excerpt":{"rendered":"<p>La Sala SGAE Centre Cultural de Val\u00e8ncia (C\/Blanqueries, 6) acollir\u00e0 el dimecres 27 de setembre, a les 19 hores, la presentaci\u00f3 dels llibres &#8220;Jos\u00e9 Serrano (1873-1941). Del m\u00fasic popular al compositor desconegut&#8221;, de Ram\u00f3n Ahull\u00f3, i &#8220;Missa de Gl\u00f2ria a tres veus i cor. Una obra in\u00e8dita&#8221;, de Jos\u00e9 Serrano.<\/p>\n","protected":false},"author":2,"featured_media":0,"comment_status":"closed","ping_status":"closed","sticky":false,"template":"","format":"standard","meta":{"footnotes":""},"categories":[56],"tags":[],"class_list":["post-6078","post","type-post","status-publish","format-standard","hentry","category-societats-musicals"],"_links":{"self":[{"href":"https:\/\/fsmcv.org\/vl\/wp-json\/wp\/v2\/posts\/6078","targetHints":{"allow":["GET"]}}],"collection":[{"href":"https:\/\/fsmcv.org\/vl\/wp-json\/wp\/v2\/posts"}],"about":[{"href":"https:\/\/fsmcv.org\/vl\/wp-json\/wp\/v2\/types\/post"}],"author":[{"embeddable":true,"href":"https:\/\/fsmcv.org\/vl\/wp-json\/wp\/v2\/users\/2"}],"replies":[{"embeddable":true,"href":"https:\/\/fsmcv.org\/vl\/wp-json\/wp\/v2\/comments?post=6078"}],"version-history":[{"count":0,"href":"https:\/\/fsmcv.org\/vl\/wp-json\/wp\/v2\/posts\/6078\/revisions"}],"wp:attachment":[{"href":"https:\/\/fsmcv.org\/vl\/wp-json\/wp\/v2\/media?parent=6078"}],"wp:term":[{"taxonomy":"category","embeddable":true,"href":"https:\/\/fsmcv.org\/vl\/wp-json\/wp\/v2\/categories?post=6078"},{"taxonomy":"post_tag","embeddable":true,"href":"https:\/\/fsmcv.org\/vl\/wp-json\/wp\/v2\/tags?post=6078"}],"curies":[{"name":"wp","href":"https:\/\/api.w.org\/{rel}","templated":true}]}}