{"id":608,"date":"2016-07-06T19:39:19","date_gmt":"2016-07-06T17:39:19","guid":{"rendered":"http:\/\/fsmcv.org\/?post_type=fsmcv-noticias&#038;p=608"},"modified":"2020-09-27T18:18:15","modified_gmt":"2020-09-27T18:18:15","slug":"proves-dacces-2016-17-de-lorquestra-filharmonica-de-la-universitat-de-valencia","status":"publish","type":"post","link":"https:\/\/fsmcv.org\/vl\/noticies-campanyes\/musica-a-la-llum\/proves-dacces-2016-17-de-lorquestra-filharmonica-de-la-universitat-de-valencia\/","title":{"rendered":"Proves d\u2019acc\u00e9s 2016-17 de l\u2019Orquestra Filharm\u00f2nica de la Universitat de Val\u00e8ncia."},"content":{"rendered":"<p>Val\u00e8ncia, 6 de juliol de 2016<\/p>\n<p>Es convoquen les proves d\u2019acc\u00e9s 2016-17 de l\u2019Orquestra Filharm\u00f2nica de la Universitat de Val\u00e8ncia. Les proves tindran lloc a partir del dia 24 d&#8217;octubre de 2016 a la Sala Charles Darwin de l\u2019Aulari Interfacultatiu (Av. Primer de Maig, s\/n), al Campus de Burjassot.<\/p>\n<p>REQUISITS PER ALS CANDIDATS:<\/p>\n<p>\u00b7 Edat m\u00e0xima: 23 anys.<\/p>\n<p>\u00b7 Estudis musicals: estar cursant com a m\u00ednim els \u00faltims cursos d\u2019ensenyaments professionals de m\u00fasica.<\/p>\n<p>\u00b7 Es valorar\u00e0 positivament: estar cursant estudis universitaris.<\/p>\n<p>OFERIXEN:<\/p>\n<p>\u2022 Ajudes econ\u00f2miques per a formaci\u00f3 musical.<\/p>\n<p>\u2022 Reconeixement acad\u00e8mic per als estudiants de la Universitat de Val\u00e8ncia (2 cr\u00e8dits ECTS \/ 5 cr\u00e8dits de lliure opci\u00f3 per curs).<\/p>\n<p>\u2022 Formaci\u00f3 pedag\u00f2gica i musical.<\/p>\n<p>\u2022 Promoci\u00f3 de solistes en concerts cambr\u00edstics o amb l\u2019orquestra.<\/p>\n<p>\u2022 Promoci\u00f3 de grups de cambra sorgits de l\u2019orquestra.<\/p>\n<p>\u2022 Possible gira nacional i\/o internacional.<\/p>\n<p>La temporada d\u2019assaigs regulars de l\u2019orquestra \u00e9s de setembre a juny. Els assaigs es fan cada dilluns de 19:00 a 22:00 hores i cada dijous de 20:00 a 22:00 hores, a la Sala Charles Darwin de l\u2019Aulari Interfacultatiu (Av. Primer de Maig, s\/n), del Campus de Burjassot.<\/p>\n<p>Per preinscriure\u2019s a les proves, cal emplenar el formulari de la nostra p\u00e0gina web www.fundaciouv.es\/aam o telefonar a l\u2019oficina de l\u2019\u00c0rea d\u2019Activitats Musicals de la Universitat de Val\u00e8ncia al 96 398 30 71 o al 96 398 31 96, abans del 21 d\u2019octubre de 2016.<\/p>\n<p>ORQUESTRA FILHARM\u00d2NICA DE LA UNIVERSITAT DE VAL\u00c8NCIA<\/p>\n<p>Hilari Garcia G\u00e1zquez, \u00e9s el director L\u2019Orquestra Filharm\u00f2nica de la Universitat de Val\u00e8ncia (OFUV). Fou creada l\u2019any 1995 per a donar resposta i cohesi\u00f3 a les diverses ofertes d\u2019agrupacions instrumentals formades per estudiants. T\u00e9 una plantilla de 80 joves m\u00fasics, majorit\u00e0riament universitaris, l\u2019edat mitjana dels quals \u00e9s de 20 anys. La seua finalitat \u00e9s proporcionar-los una formaci\u00f3 d\u2019alta qualitat en interpretaci\u00f3 orquestral, amb professorat especialitzat per a cadascuna de les fam\u00edlies instrumentals. A m\u00e9s, cal remarcar que la seua activitat es realitza de manera estable amb dos assaigs setmanals al llarg de tot l\u2019any acad\u00e8mic, cosa que li permet abordar amb solv\u00e8ncia un repertori de gran dificultat i projecci\u00f3.<\/p>\n<p>Del seu repertori destaquem \u00c9clairs sur l\u2019au-del\u00e0 de Messiaen, H\u00e1ry J\u00e1nos de Kod\u00e1ly, P\u00e9trouchka, L\u2019Oiseau de feu i Le Sacre du printemps de Stravinsky, El sombrero de tres picos de Falla, Simfonia n\u00fam. 9 de Dvor\u00e1k, Tableaux d\u2019une exposition de Mussorgski, Daphnis et Chlo\u00e9 de Ravel, The Planets de Holst, Scheherezade de Rimski-Korsakov, Messa da Requiem de Verdi, Simfonia n\u00fam. 4 de Brahms, Simfonia n\u00fam. 5 de Xostak\u00f3vitx, etc.<\/p>\n<p>Per al curs 2016\/2017 una de les obres centrals de la programaci\u00f3 ser\u00e0 la Simfonia n\u00fam. 2 de Rakhm\u00e0ninov.<\/p>\n<p>Al llarg dels seus vint anys d\u2019hist\u00f2ria, han passat per l\u2019OFUV m\u00e9s d\u2019un miler de joves m\u00fasics, molts dels quals a hores d\u2019ara desenvolupen la seua activitat interpretativa en orquestres espanyoles i europees o exerceixen la doc\u00e8ncia en diferents conservatoris professionals i superiors. A m\u00e9s, l\u2019OFUV desenvolupa, en col\u00b7laboraci\u00f3 amb l\u2019Aula de M\u00fasica del Vicerectorat de Cultura i Igualtat de la Universitat de Val\u00e8ncia, un cicle de recitals i concerts de cambra en diversos centres de la Universitat, cosa que enriqueix la formaci\u00f3 dels seus membres en la interpretaci\u00f3 d\u2019aquest tipus de repertori.<\/p>\n<p>L\u2019OFUV actua regularment al Palau de la M\u00fasica de Val\u00e8ncia i a l\u2019Auditori de Saragossa i ha efectuat nombrosos concerts en diverses sales i auditoris d\u2019Espanya i Europa com el Palau de les Arts Reina Sofia de Val\u00e8ncia, l\u2019Auditori de Barcelona, l\u2019Auditori de Lle\u00f3, l\u2019Academia Philharmonicorum de Liubliana, l\u2019Austria Center Vienna o el Mozarteum de Salzburg. L\u2019any 1998 va participar en la XXVII edici\u00f3 del Concurs Internacional de Joves Orquestres realitzat a Viena (\u00c0ustria), on va obtenir el primer premi en la categoria d\u2019orquestres simf\u00f2niques.<\/p>\n<p>L\u2019OFUV \u00e9s membre de l\u2019Associaci\u00f3 Espanyola de Joves Orquestres (AEJO) i de la Xarxa Europea d\u2019Orquestres Universit\u00e0ries (ENUO). Gr\u00e0cies al seu impuls, es crea el 2015 SINERGIA (Xarxa d\u2019Orquestres Universit\u00e0ries Espanyoles), de la qual \u00e9s membre. A m\u00e9s, el Taller de Luther\u00eda Sergi Mart\u00ed hi col\u00b7labora en el manteniment i la cura dels seus instruments de corda. Les activitats de l\u2019OFUV es realitzen amb el patrocini de l\u2019\u00c0rea d\u2019Activitats Musicals de la Fundaci\u00f3 General de la Universitat de Val\u00e8ncia i del Santander.<\/p>\n<p>M\u00c9S INFORMACI\u00d3:<\/p>\n<p>www.fundaciouv.es\/aam<\/p>\n<p>orquestra@uv.es<\/p>\n<p>Tel: 96 398 30 71\/ 96 398 31 96<\/p>\n","protected":false},"excerpt":{"rendered":"<p>Les proves tindran lloc a partir del dia 24 d&#8217;octubre de 2016 a la Sala Charles Darwin de l\u2019Aulari Interfacultatiu (Av. Primer de Maig, s\/n), al Campus de Burjassot.<\/p>\n","protected":false},"author":2,"featured_media":0,"comment_status":"closed","ping_status":"closed","sticky":false,"template":"","format":"standard","meta":{"footnotes":""},"categories":[10],"tags":[],"class_list":["post-608","post","type-post","status-publish","format-standard","hentry","category-musica-a-la-llum"],"_links":{"self":[{"href":"https:\/\/fsmcv.org\/vl\/wp-json\/wp\/v2\/posts\/608","targetHints":{"allow":["GET"]}}],"collection":[{"href":"https:\/\/fsmcv.org\/vl\/wp-json\/wp\/v2\/posts"}],"about":[{"href":"https:\/\/fsmcv.org\/vl\/wp-json\/wp\/v2\/types\/post"}],"author":[{"embeddable":true,"href":"https:\/\/fsmcv.org\/vl\/wp-json\/wp\/v2\/users\/2"}],"replies":[{"embeddable":true,"href":"https:\/\/fsmcv.org\/vl\/wp-json\/wp\/v2\/comments?post=608"}],"version-history":[{"count":0,"href":"https:\/\/fsmcv.org\/vl\/wp-json\/wp\/v2\/posts\/608\/revisions"}],"wp:attachment":[{"href":"https:\/\/fsmcv.org\/vl\/wp-json\/wp\/v2\/media?parent=608"}],"wp:term":[{"taxonomy":"category","embeddable":true,"href":"https:\/\/fsmcv.org\/vl\/wp-json\/wp\/v2\/categories?post=608"},{"taxonomy":"post_tag","embeddable":true,"href":"https:\/\/fsmcv.org\/vl\/wp-json\/wp\/v2\/tags?post=608"}],"curies":[{"name":"wp","href":"https:\/\/api.w.org\/{rel}","templated":true}]}}