{"id":6082,"date":"2017-09-26T13:13:02","date_gmt":"2017-09-26T11:13:02","guid":{"rendered":"https:\/\/fsmcv.org\/?post_type=fsmcv-noticias&#038;p=6082"},"modified":"2021-03-31T14:19:05","modified_gmt":"2021-03-31T12:19:05","slug":"xx-concert-placa-assumpcio-ateneu-musical-schola-cantorum","status":"publish","type":"post","link":"https:\/\/fsmcv.org\/vl\/societats-musicals\/xx-concert-placa-assumpcio-ateneu-musical-schola-cantorum\/","title":{"rendered":"XX\u00e9 Concert a la Pla\u00e7a de L&#8217;Assumpci\u00f3 organitzat per l&#8217;Ateneu Musical Schola Cantorum"},"content":{"rendered":"<p>L&#8217;Ateneu Musical Schola Cantorum ha organitzat el XX\u00e9 Concert a la Pla\u00e7a de L&#8217;Assumpci\u00f3 que tindr\u00e0 lloc el diumenge 1 <span class=\"m_7508967253066220640gmail-hiddenGrammarError\">d&#8217;octubre<\/span> de 2017 a les <span class=\"m_7508967253066220640gmail-hiddenGrammarError\">19:30 hores en aquest empla\u00e7ament de La Vall d&#8217;Uix\u00f3<\/span>. En aquest concert, amb el lema &#8220;Els nostres or\u00edgens&#8221;, es far\u00e0 una mirada al passat de la entitat.<\/p>\n<p>El grup de m\u00fasics de la Schola Cantorum de la Vall d&#8217;Uix\u00f3 apareixia de manera habitual en les p\u00e0gines dels peri\u00f2dics, per\u00f2 no precisament pels seus m\u00e8rits art\u00edstics, sin\u00f3 perqu\u00e8 es van convertir en un exemple de tenacitat i fidelitat a si mateixos i al que feien. Entre els anys 1965 i 1967, la banda \u00abtenia prohibit tocar en tot el terme municipal\u00bb, i ni tan sols se&#8217;ls consentia assajar. En plena dictadura i amb tots els elements i les autoritats en contra seua, sota la direcci\u00f3 d&#8217;un dels personatges m\u00e9s emblem\u00e0tics i volguts de la seua hist\u00f2ria, Don Miguel Arnal Abad, es van rebel\u00b7lar contra les circumst\u00e0ncies demostrant que podien prohibir-los actuar en el seu poble, per\u00f2 no els anaven a arrabassar la m\u00fasica, i per aix\u00f2 durant eixos anys, es van traslladar fins a Nules per a poder assajar.<\/p>\n<p>Se&#8217;ls va arribar a con\u00e9ixer com &#8220;La Polilla&#8221;, perqu\u00e8 els seus uniformes no eixien al carrer, per\u00f2 no deixava de ser un sobrenom que gens tenia a veure amb el que anaven a aconseguir des d&#8217;eixa esp\u00e8cie de clandestinitat. Perqu\u00e8 l&#8217;esfor\u00e7 de despla\u00e7ar-se com cadasc\u00fa podia fins a la finca privada del Pinet, en la localitat ve\u00efna, va tenir la millor compensaci\u00f3 possible quan en 1965 van aconseguir el primer premi i el de pasdoble de la 2\u00aa Secci\u00f3 en el Certamen Internacional de Bandes de Val\u00e8ncia. Per si no fos poc, en la seua segona participaci\u00f3, en 1966, tamb\u00e9 es van imposar en la 1\u00aa Secci\u00f3.<\/p>\n<p>Per aquest motiu el concert rebr\u00e0 l&#8217;estrena del pasdoble &#8220;La Polilla&#8221; realitzat per un dels m\u00fasics de l&#8217;agrupaci\u00f3, Alfonso Gutierrez, i dedicat a tots aquells homes que van lluitar per aconseguir un futur per a la entitat.<\/p>\n<p>El programa a interpretar ser\u00e0:<\/p>\n<p style=\"text-align: center;\"><strong>I PART<\/strong><\/p>\n<p style=\"text-align: center;\">La Polilla (Pasdoble) &#8230;&#8230;&#8230;&#8230;&#8230;&#8230;&#8230;&#8230;&#8230;&#8230;.Alfonso Guti\u00e9rrez<br \/>\nOverture to Candide &#8230;&#8230;&#8230;&#8230;&#8230;&#8230;&#8230;&#8230;&#8230;&#8230; Leonard Bernstein<br \/>\nDanza ritual del fuego &#8230;&#8230;&#8230;&#8230;&#8230;&#8230;&#8230;&#8230;.. Manuel de Falla<br \/>\nThe Hounds of spring &#8230;&#8230;&#8230;&#8230;&#8230;&#8230;&#8230;&#8230;&#8230; Alfred Reed<\/p>\n<p style=\"text-align: center;\"><strong>II PART<\/strong><\/p>\n<p style=\"text-align: center;\">The Island og light &#8230;&#8230;&#8230;&#8230;&#8230;&#8230;&#8230;&#8230;&#8230;&#8230;.. Jos\u00e9 Alberto Pina<\/p>\n<p style=\"text-align: center;\">Director: Sergi Costes Ferr\u00e9<\/p>\n","protected":false},"excerpt":{"rendered":"<p>L&#8217;Ateneu Musical Schola Cantorum ha organitzat el XX\u00e9 Concert a la Pla\u00e7a de L&#8217;Assumpci\u00f3 que tindr\u00e0 lloc el diumenge 1 d&#8217;octubre de 2017 a les 19:30 hores en aquest empla\u00e7ament de La Vall d&#8217;Uix\u00f3. <\/p>\n","protected":false},"author":2,"featured_media":0,"comment_status":"closed","ping_status":"closed","sticky":false,"template":"","format":"standard","meta":{"footnotes":""},"categories":[56],"tags":[],"class_list":["post-6082","post","type-post","status-publish","format-standard","hentry","category-societats-musicals"],"_links":{"self":[{"href":"https:\/\/fsmcv.org\/vl\/wp-json\/wp\/v2\/posts\/6082","targetHints":{"allow":["GET"]}}],"collection":[{"href":"https:\/\/fsmcv.org\/vl\/wp-json\/wp\/v2\/posts"}],"about":[{"href":"https:\/\/fsmcv.org\/vl\/wp-json\/wp\/v2\/types\/post"}],"author":[{"embeddable":true,"href":"https:\/\/fsmcv.org\/vl\/wp-json\/wp\/v2\/users\/2"}],"replies":[{"embeddable":true,"href":"https:\/\/fsmcv.org\/vl\/wp-json\/wp\/v2\/comments?post=6082"}],"version-history":[{"count":0,"href":"https:\/\/fsmcv.org\/vl\/wp-json\/wp\/v2\/posts\/6082\/revisions"}],"wp:attachment":[{"href":"https:\/\/fsmcv.org\/vl\/wp-json\/wp\/v2\/media?parent=6082"}],"wp:term":[{"taxonomy":"category","embeddable":true,"href":"https:\/\/fsmcv.org\/vl\/wp-json\/wp\/v2\/categories?post=6082"},{"taxonomy":"post_tag","embeddable":true,"href":"https:\/\/fsmcv.org\/vl\/wp-json\/wp\/v2\/tags?post=6082"}],"curies":[{"name":"wp","href":"https:\/\/api.w.org\/{rel}","templated":true}]}}