{"id":6087,"date":"2017-09-27T10:20:30","date_gmt":"2017-09-27T08:20:30","guid":{"rendered":"https:\/\/fsmcv.org\/?post_type=fsmcv-noticias&#038;p=6087"},"modified":"2021-03-31T14:18:53","modified_gmt":"2021-03-31T12:18:53","slug":"enric-parreno-director-unio-musical-alaquas-debuta-guatemala","status":"publish","type":"post","link":"https:\/\/fsmcv.org\/vl\/societats-musicals\/enric-parreno-director-unio-musical-alaquas-debuta-guatemala\/","title":{"rendered":"Enric Parre\u00f1o, director de la Uni\u00f3 Musical d\u2019Alaqu\u00e0s, debuta a Guatemala"},"content":{"rendered":"<p>Enric Parre\u00f1o visitar\u00e0 per primera vegada Guatemala per a posar-se al capdavant de la <strong>OGV (Orquestra Guatemalenca de Vents)<\/strong>. Despr\u00e9s de les experi\u00e8ncies i \u00e8xits arreplegats a Argentina, Col\u00f2mbia, Rep\u00fablica Dominicana, Panam\u00e0 i Costa Rica, dirigir\u00e0 per primera vegada en aquest pa\u00eds llatinoameric\u00e0, on realitzar\u00e0 un concert amb la OGV i tallers de direcci\u00f3 al <strong>Conservatori Nacional de Guatemala<\/strong>.<\/p>\n<p>L&#8217;Orquestra Guatemalenca de Vents \u00e9s un ensemble simf\u00f2nic de vents format per m\u00fasics professionals, estudiants i instrumentistes de diferents escoles i acad\u00e8mies musicals de Guatemala. T\u00e9 com a missi\u00f3 la difusi\u00f3 i desenvolupament art\u00edstic de m\u00e9s orquestres i ensembles en aquest pa\u00eds, aix\u00ed com la divulgaci\u00f3 de la m\u00fasica d&#8217;orquestra de vents escrita per compositors de tot arreu del m\u00f3n. L&#8217;Orquestra Guatemalenca de Vents naix a trav\u00e9s de la creaci\u00f3 de l&#8217;<strong>Orquestra Llatinoamericana de Vents<\/strong> 2009 a Col\u00f2mbia i gr\u00e0cies a la influ\u00e8ncia de diferents orquestres de vent al voltant de tota Llatinoam\u00e8rica: Costa Rica, Rep\u00fablica Dominicana, Col\u00f2mbia, Panam\u00e0 i ara a Guatemala. En aquesta segona edici\u00f3 OGV ofereix un concert que compta amb la participaci\u00f3 d&#8217;un dels exponents m\u00e9s importants de <strong>bombardino<\/strong> a nivell mundial (instrument que per primera vegada a Guatemala es presenta com a solista). Tamb\u00e9 aquest concert s&#8217;engalana amb la participaci\u00f3 de dos grans exponents del <strong>clarinet<\/strong>, que tenen al seu c\u00e0rrec l&#8217;estrena a Llatinoam\u00e8rica de \u201cLARA\u201d una fantasia escrita per a dos clarinets.<\/p>\n<p>El concert es realitzar\u00e0 a la ciutat de Guatemala el dijous 28 de setembre i comptar\u00e0 amb la pres\u00e8ncia dels clarinetistes solistes <strong>Sergio Reyes<\/strong> i <strong>Paolo Alejandro Villagr\u00e1n Flores<\/strong>, i amb el bombardino solista de renom internacional, <strong>Adam Frey<\/strong>.<\/p>\n<p>El repertori triat t\u00e9 sabor valenci\u00e0, estar\u00e0 format per obres dels compositors valencians <strong>Ferrer Ferran<\/strong> i <strong>Jos\u00e9 Salvador Gonz\u00e1lez Moreno<\/strong>, del guatemalenc <strong>Luis Francisco Soto<\/strong> i del nord-americ\u00e0 <strong>Alfred Reed<\/strong>.<\/p>\n<p><img fetchpriority=\"high\" decoding=\"async\" class=\"aligncenter size-large wp-image-6090\" src=\"https:\/\/fsmcv.org\/BTnet-storage\/wp-uploads\/2017\/09\/IMG_6451-copia-866x1024.jpg\" alt=\"\" width=\"866\" height=\"1024\" title=\"\"><\/p>\n","protected":false},"excerpt":{"rendered":"<p>Enric Parre\u00f1o visitar\u00e0 per primera vegada Guatemala per a posar-se al capdavant de la OGV (Orquestra Guatemalenca de Vents) i impartir tallers de direcci\u00f3 al Conservatori Nacional de Guatemala.<\/p>\n","protected":false},"author":2,"featured_media":0,"comment_status":"closed","ping_status":"closed","sticky":false,"template":"","format":"standard","meta":{"footnotes":""},"categories":[56],"tags":[],"class_list":["post-6087","post","type-post","status-publish","format-standard","hentry","category-societats-musicals"],"_links":{"self":[{"href":"https:\/\/fsmcv.org\/vl\/wp-json\/wp\/v2\/posts\/6087","targetHints":{"allow":["GET"]}}],"collection":[{"href":"https:\/\/fsmcv.org\/vl\/wp-json\/wp\/v2\/posts"}],"about":[{"href":"https:\/\/fsmcv.org\/vl\/wp-json\/wp\/v2\/types\/post"}],"author":[{"embeddable":true,"href":"https:\/\/fsmcv.org\/vl\/wp-json\/wp\/v2\/users\/2"}],"replies":[{"embeddable":true,"href":"https:\/\/fsmcv.org\/vl\/wp-json\/wp\/v2\/comments?post=6087"}],"version-history":[{"count":0,"href":"https:\/\/fsmcv.org\/vl\/wp-json\/wp\/v2\/posts\/6087\/revisions"}],"wp:attachment":[{"href":"https:\/\/fsmcv.org\/vl\/wp-json\/wp\/v2\/media?parent=6087"}],"wp:term":[{"taxonomy":"category","embeddable":true,"href":"https:\/\/fsmcv.org\/vl\/wp-json\/wp\/v2\/categories?post=6087"},{"taxonomy":"post_tag","embeddable":true,"href":"https:\/\/fsmcv.org\/vl\/wp-json\/wp\/v2\/tags?post=6087"}],"curies":[{"name":"wp","href":"https:\/\/api.w.org\/{rel}","templated":true}]}}