{"id":611,"date":"2016-07-02T19:40:32","date_gmt":"2016-07-02T17:40:32","guid":{"rendered":"http:\/\/fsmcv.org\/?post_type=fsmcv-noticias&#038;p=611"},"modified":"2020-09-27T18:18:22","modified_gmt":"2020-09-27T18:18:22","slug":"agenda-del-cap-de-setmana-2-i-3-de-juliol-musica-per-a-tots-els-publics","status":"publish","type":"post","link":"https:\/\/fsmcv.org\/vl\/noticies-campanyes\/musica-a-la-llum\/agenda-del-cap-de-setmana-2-i-3-de-juliol-musica-per-a-tots-els-publics\/","title":{"rendered":"Agenda del cap de setmana 2 i 3 de juliol. M\u00fasica per a tots els p\u00fablics"},"content":{"rendered":"<p>2 de juliol de 2016<\/p>\n<p>Concerts i activitats programades per a este cap de setmana. M\u00fasica, m\u00fasica y bona m\u00fasica<br \/>\nCelebraci\u00f3 del Dia de l&#8217;Art\u00edstica Manisense<\/p>\n<p>El programa de la jornada inclou concerts amb la participaci\u00f3 de l&#8217;Orquestra Simf\u00f2nica, actuacions, macrobatucada i activitats l\u00fadiques com a castells inflables per als m\u00e9s xicotets<\/p>\n<p>M\u00e9s de 150 m\u00fasics participaran en la VII Trobada de Bandes &#8220;Ciutat de Sueca&#8221; en homenatge al Maestro Serrano<\/p>\n<p>El dissabte, 2 de juliol, a les 20 h. tindr\u00e0 lloc la VII edici\u00f3 de la Trobada de Bandes &#8220;Ciutat de Sueca&#8221; una cita que ha esdevingut, amb el pas del temps, tot un referent en el panorama musical del municipi i tamb\u00e9 de la Ribera. (&#8230;) Ampliar la informaci\u00f3<\/p>\n<p>Concert de l&#8217;Orquestra Tetracorde de la CAM Santa Cec\u00edlia de Foios<\/p>\n<p>Aquest dissabte, 2 de juliol, concert de l&#8217;Orquestra Tetracorde de la CAM Santa Cec\u00edlia de Foios, sota la batuta del seu director Javier Carrau Mellado, oferir\u00e0 un concert a les 12 hores a la Llar de la m\u00fasica<\/p>\n<p>La Uni\u00f3 Musical de Saix compartir\u00e0 escenari amb &#8220;La Art\u00edstica&#8221; de Novelda<\/p>\n<p>Les bandes d&#8217;educandos de les dues societats participaran juntes en la Campanya de Concerts d&#8217;Intercanvis Musicals de la Federaci\u00f3. El primer concert tindr\u00e0 lloc aquest dissabte a les 21 h. en el Casino de Novelda.<\/p>\n<p>XLIII Festival de Bandes de Real<\/p>\n<p>L&#8217;esdeveniment comen\u00e7ar\u00e0 el dissabte a les 21:30h amb la tradicional desfilada des del Parc de Real. A continuaci\u00f3, es podr\u00e0 gaudir d&#8217;una bona nit de m\u00fasica a la Pla\u00e7a de la Constituci\u00f3 de Real<\/p>\n<p>Concert de l&#8217;Orquestra Simf\u00f2nica de Rafelbunyol amb Elena Biosca i organitzat per la Lira Fontiguerense<\/p>\n<p>El dissabte 2 de Julio a les 19:30 en el Teatre Joan de Joanes<\/p>\n<p>IX edici\u00f3 del Cicle de M\u00fasica Valenciana i de Cambra Vicent Garc\u00e9s a la pla\u00e7a de l&#8217;Hostal de Faura<\/p>\n<p>Comen\u00e7ar\u00e0 el 2 de juliol amb la companyia Crit i De Ministrers i Carles Magraner tancaran el cicle en un concert titulat Mediterranuem, homenatge al fil\u00f2sof universal Ramon Llull, en commemoraci\u00f3 del 700 aniversari de la seua mort.<\/p>\n<p>XIV Biennal de M\u00fasica de Bunyol. M\u00fasica per a tots<\/p>\n<p>La Meravella Gypsy Band, Dissabte 2 de juliol 20 hores &#8211; De la Pla\u00e7a 5 de Mar\u00e7 a la Pla\u00e7a del Poble. Jazz Comencem Quintet, Dissabte 2 de juliol 23 hores &#8211; Plaza d&#8217;Armes. Cl\u00e0ssics exc\u00e8ntrics, Diumenge 3 de juliol 20 hores &#8211; Passege Sant Luis, Muyayos de Ra\u00efz, Diumenge 3 de juliol 23 hores &#8211; Plaza d&#8217;Armes<\/p>\n<p>Concert de Retrobem La Nostra M\u00fasica organitzat pel Centre Musical Paternense<\/p>\n<p>Dem\u00e0 diumenge, 3 de juliol, a les 11:30 h., en l&#8217;auditori &#8220;Antonio Cap&#8221; de Paterna, i organitzat pel Centre Musical Paternense tindr\u00e0 lloc el Concert Retrobem La Nostra M\u00fasica.<\/p>\n","protected":false},"excerpt":{"rendered":"<p>Concerts i activitats programades per a este cap de setmana. M\u00fasica, m\u00fasica y bona m\u00fasica<\/p>\n","protected":false},"author":2,"featured_media":0,"comment_status":"closed","ping_status":"closed","sticky":false,"template":"","format":"standard","meta":{"footnotes":""},"categories":[10],"tags":[],"class_list":["post-611","post","type-post","status-publish","format-standard","hentry","category-musica-a-la-llum"],"_links":{"self":[{"href":"https:\/\/fsmcv.org\/vl\/wp-json\/wp\/v2\/posts\/611","targetHints":{"allow":["GET"]}}],"collection":[{"href":"https:\/\/fsmcv.org\/vl\/wp-json\/wp\/v2\/posts"}],"about":[{"href":"https:\/\/fsmcv.org\/vl\/wp-json\/wp\/v2\/types\/post"}],"author":[{"embeddable":true,"href":"https:\/\/fsmcv.org\/vl\/wp-json\/wp\/v2\/users\/2"}],"replies":[{"embeddable":true,"href":"https:\/\/fsmcv.org\/vl\/wp-json\/wp\/v2\/comments?post=611"}],"version-history":[{"count":0,"href":"https:\/\/fsmcv.org\/vl\/wp-json\/wp\/v2\/posts\/611\/revisions"}],"wp:attachment":[{"href":"https:\/\/fsmcv.org\/vl\/wp-json\/wp\/v2\/media?parent=611"}],"wp:term":[{"taxonomy":"category","embeddable":true,"href":"https:\/\/fsmcv.org\/vl\/wp-json\/wp\/v2\/categories?post=611"},{"taxonomy":"post_tag","embeddable":true,"href":"https:\/\/fsmcv.org\/vl\/wp-json\/wp\/v2\/tags?post=611"}],"curies":[{"name":"wp","href":"https:\/\/api.w.org\/{rel}","templated":true}]}}