{"id":61113,"date":"2022-12-29T10:40:56","date_gmt":"2022-12-29T09:40:56","guid":{"rendered":"https:\/\/fsmcv.org\/certamens\/51e-certamen-provincial-de-bandes-de-musica-de-la-provincia-dalacant\/"},"modified":"2022-12-29T10:47:00","modified_gmt":"2022-12-29T09:47:00","slug":"51e-certamen-provincial-de-bandes-de-musica-de-la-provincia-dalacant","status":"publish","type":"post","link":"https:\/\/fsmcv.org\/vl\/certamens\/51e-certamen-provincial-de-bandes-de-musica-de-la-provincia-dalacant\/","title":{"rendered":"51\u00e9 CERTAMEN PROVINCIAL DE BANDES DE M\u00daSICA DE LA PROV\u00cdNCIA D&#8217;ALACANT"},"content":{"rendered":"\n<p>Amb la finalitat de fomentar la interpretaci\u00f3 musical i la difusi\u00f3 cultural, la Diputaci\u00f3 d&#8217;Alacant fa p\u00fablica la Convocat\u00f2ria i les bases de la 51\u00e9 edici\u00f3 del Certamen Provincial de Bandes de M\u00fasica dependents de Societats Musicals Federades de la prov\u00edncia d&#8217;Alacant. <\/p>\n\n<p>Comptar\u00e0 amb quatre modalitats, on les societats guanyadores rebran des de 2.500\u20ac fins a 4.500\u20ac depenent de la secci\u00f3.<\/p>\n\n<p>El termini d&#8217;inscripci\u00f3 ser\u00e0 de QUINZE DIES NATURALS a partir de l&#8217;endem\u00e0 de la publicaci\u00f3 de l&#8217;EXTRACTE d&#8217;aquesta Convocat\u00f2ria en el Butllet\u00ed Oficial de la Prov\u00edncia d&#8217;Alacant. <\/p>\n\n<p>Adjuntem les bases:<\/p>\n\n<div data-wp-interactive=\"core\/file\" class=\"wp-block-file\"><object data-wp-bind--hidden=\"!state.hasPdfPreview\" hidden class=\"wp-block-file__embed\" data=\"https:\/\/fsmcv.org\/wp-content\/uploads\/2022\/12\/BOP-A-Certamen-provincial.pdf\" type=\"application\/pdf\" style=\"width:100%;height:600px\" aria-label=\"Embed of BOP-A-Bases-51\u00ba-Certamen.\"><\/object><a id=\"wp-block-file--media-e53ca3e9-bc06-410c-962f-a22156c834cc\" href=\"https:\/\/fsmcv.org\/wp-content\/uploads\/2022\/12\/BOP-A-Certamen-provincial.pdf\">BOP-A-Bases-51\u00ba-Certamen<\/a><a href=\"https:\/\/fsmcv.org\/wp-content\/uploads\/2022\/12\/BOP-A-Certamen-provincial.pdf\" class=\"wp-block-file__button wp-element-button\" download=\"\" aria-describedby=\"wp-block-file--media-e53ca3e9-bc06-410c-962f-a22156c834cc\">Desc\u00e0rrega<\/a><\/div>\n","protected":false},"excerpt":{"rendered":"<p>Amb la finalitat de fomentar la interpretaci\u00f3 musical i la difusi\u00f3 cultural, la Diputaci\u00f3 d&#8217;Alacant fa p\u00fablica la Convocat\u00f2ria i les bases de la 51\u00e9 edici\u00f3 del Certamen Provincial de Bandes de M\u00fasica dependents de Societats Musicals Federades de la prov\u00edncia d&#8217;Alacant. Comptar\u00e0 amb quatre modalitats, on les societats guanyadores rebran des de 2.500\u20ac fins [&hellip;]<\/p>\n","protected":false},"author":17,"featured_media":43335,"comment_status":"open","ping_status":"closed","sticky":false,"template":"","format":"standard","meta":{"footnotes":""},"categories":[234],"tags":[],"class_list":["post-61113","post","type-post","status-publish","format-standard","has-post-thumbnail","hentry","category-certamens"],"_links":{"self":[{"href":"https:\/\/fsmcv.org\/vl\/wp-json\/wp\/v2\/posts\/61113","targetHints":{"allow":["GET"]}}],"collection":[{"href":"https:\/\/fsmcv.org\/vl\/wp-json\/wp\/v2\/posts"}],"about":[{"href":"https:\/\/fsmcv.org\/vl\/wp-json\/wp\/v2\/types\/post"}],"author":[{"embeddable":true,"href":"https:\/\/fsmcv.org\/vl\/wp-json\/wp\/v2\/users\/17"}],"replies":[{"embeddable":true,"href":"https:\/\/fsmcv.org\/vl\/wp-json\/wp\/v2\/comments?post=61113"}],"version-history":[{"count":0,"href":"https:\/\/fsmcv.org\/vl\/wp-json\/wp\/v2\/posts\/61113\/revisions"}],"wp:featuredmedia":[{"embeddable":true,"href":"https:\/\/fsmcv.org\/vl\/wp-json\/wp\/v2\/media\/43335"}],"wp:attachment":[{"href":"https:\/\/fsmcv.org\/vl\/wp-json\/wp\/v2\/media?parent=61113"}],"wp:term":[{"taxonomy":"category","embeddable":true,"href":"https:\/\/fsmcv.org\/vl\/wp-json\/wp\/v2\/categories?post=61113"},{"taxonomy":"post_tag","embeddable":true,"href":"https:\/\/fsmcv.org\/vl\/wp-json\/wp\/v2\/tags?post=61113"}],"curies":[{"name":"wp","href":"https:\/\/api.w.org\/{rel}","templated":true}]}}