{"id":61125,"date":"2022-12-29T11:09:58","date_gmt":"2022-12-29T10:09:58","guid":{"rendered":"https:\/\/fsmcv.org\/certamens\/concert-nadal-2022-sm-lentusiasta-benifairo-de-la-valldigna\/"},"modified":"2022-12-29T11:16:16","modified_gmt":"2022-12-29T10:16:16","slug":"concert-nadal-2022-sm-lentusiasta-benifairo-de-la-valldigna","status":"publish","type":"post","link":"https:\/\/fsmcv.org\/vl\/societats-musicals\/concert-nadal-2022-sm-lentusiasta-benifairo-de-la-valldigna\/","title":{"rendered":"Concert Nadal 2022 SM L&#8217;Entusiasta Benifair\u00f3 de la Valldigna"},"content":{"rendered":"\n<p>El passat dijous 22 de Desembre, es va celebrar a l&#8217;Auditori Municipal de Benifair\u00f3 de la Valldigna, l&#8217;audici\u00f3 dels alumnes de l\u00b4escola de m\u00fasica \u201dPepe Rafaela\u201d de la Societat Musical l\u00b4Entusiasta, amb l&#8217;actuaci\u00f3 primer dels m\u00e9s menuts de l\u00b4escola, a continuaci\u00f3 els diferents grups instrumentals, i finalment el Concert de la Banda Jove, dirigida per Ferran Cunyat (fotos BANDA JOVE 1 i BANDA JOVE 2).<\/p>\n\n<figure class=\"wp-block-image size-large\"><img decoding=\"async\" src=\"https:\/\/fsmcv.org\/wp-content\/uploads\/2022\/12\/BANDA-JOVE-1-1024x522.jpg\" alt=\"\" class=\"wp-image-61118\" title=\"\"><figcaption class=\"wp-element-caption\">hdr<\/figcaption><\/figure>\n<figure class=\"wp-block-image size-large\"><img decoding=\"async\" src=\"https:\/\/fsmcv.org\/wp-content\/uploads\/2022\/12\/BANDA-JOVE-2-1024x526.jpg\" alt=\"\" class=\"wp-image-61120\" title=\"\"><figcaption class=\"wp-element-caption\">hdr<\/figcaption><\/figure>\n<p>Una vegada acabats aquests actes, la societat musical benifaironera, a preparat el <em>Concert de Nadal,<\/em> qu\u00e8 es realitzar\u00e0 el dijous 29 de Desembre, a les 19:30h a l&#8217;Auditori Municipal.<br\/>Com ja es tradicional amb aquest concert, que ser\u00e0 dirigit pel seu director Carlos Sancho Cantus, l&#8217;entitat musical l&#8217;Entusiasta interpretar\u00e0 diferents obres i temes musicals de car\u00e0cter nadalenc, amb la participaci\u00f3 dels xiquets\/es de l&#8217;escola de m\u00fasica i finalitzant amb la coneguda Radesky March per a gust i acompanyament del p\u00fablic assistent.<\/p>\n\n<p>Recordar que la Societat Musical l&#8217;Entusiasta, t\u00e9 previst participar al Certamen Auton\u00f2mic de Bandes Diputaci\u00f3, a celebrar el 15 de Gener del 2023, al Palau dels Arts de Val\u00e8ncia, despr\u00e8s d&#8217;haver guanyat el 1er Premi i Menci\u00f3 d\u00b4Honor a la Secci\u00f3 Segona del Certamen Diputaci\u00f3 de Val\u00e8ncia 2022, celebrat a Ll\u00edria. Junt a la banda benifaironera, actuaran l&#8217;Uni\u00f3 Musical Vallduxense de la Vall d&#8217;Uix\u00f2, guanyadora de la Diputaci\u00f3 de Castell\u00f3 i l&#8217;Ateneu Musical de Cocentaina, guanyadora de la Diputaci\u00f3 d&#8217;Alacant.<\/p>\n\n<figure class=\"wp-block-image size-large\"><img decoding=\"async\" src=\"https:\/\/fsmcv.org\/wp-content\/uploads\/2022\/12\/Bon-nadal-SM-L&#xB4;ENTUSIASTA-1024x650.jpg\" alt=\"\" class=\"wp-image-61122\" title=\"\"><\/figure>","protected":false},"excerpt":{"rendered":"<p>El passat dijous 22 de Desembre, es va celebrar a l&#8217;Auditori Municipal de Benifair\u00f3 de la Valldigna, l&#8217;audici\u00f3 dels alumnes de l\u00b4escola de m\u00fasica \u201dPepe Rafaela\u201d de la Societat Musical l\u00b4Entusiasta, amb l&#8217;actuaci\u00f3 primer dels m\u00e9s menuts de l\u00b4escola, a continuaci\u00f3 els diferents grups instrumentals, i finalment el Concert de la Banda Jove, dirigida per [&hellip;]<\/p>\n","protected":false},"author":17,"featured_media":61117,"comment_status":"open","ping_status":"closed","sticky":false,"template":"","format":"standard","meta":{"footnotes":""},"categories":[56],"tags":[],"class_list":["post-61125","post","type-post","status-publish","format-standard","has-post-thumbnail","hentry","category-societats-musicals"],"_links":{"self":[{"href":"https:\/\/fsmcv.org\/vl\/wp-json\/wp\/v2\/posts\/61125","targetHints":{"allow":["GET"]}}],"collection":[{"href":"https:\/\/fsmcv.org\/vl\/wp-json\/wp\/v2\/posts"}],"about":[{"href":"https:\/\/fsmcv.org\/vl\/wp-json\/wp\/v2\/types\/post"}],"author":[{"embeddable":true,"href":"https:\/\/fsmcv.org\/vl\/wp-json\/wp\/v2\/users\/17"}],"replies":[{"embeddable":true,"href":"https:\/\/fsmcv.org\/vl\/wp-json\/wp\/v2\/comments?post=61125"}],"version-history":[{"count":0,"href":"https:\/\/fsmcv.org\/vl\/wp-json\/wp\/v2\/posts\/61125\/revisions"}],"wp:featuredmedia":[{"embeddable":true,"href":"https:\/\/fsmcv.org\/vl\/wp-json\/wp\/v2\/media\/61117"}],"wp:attachment":[{"href":"https:\/\/fsmcv.org\/vl\/wp-json\/wp\/v2\/media?parent=61125"}],"wp:term":[{"taxonomy":"category","embeddable":true,"href":"https:\/\/fsmcv.org\/vl\/wp-json\/wp\/v2\/categories?post=61125"},{"taxonomy":"post_tag","embeddable":true,"href":"https:\/\/fsmcv.org\/vl\/wp-json\/wp\/v2\/tags?post=61125"}],"curies":[{"name":"wp","href":"https:\/\/api.w.org\/{rel}","templated":true}]}}