{"id":61166,"date":"2023-01-03T12:51:08","date_gmt":"2023-01-03T11:51:08","guid":{"rendered":"https:\/\/fsmcv.org\/?p=61166"},"modified":"2023-01-03T12:56:09","modified_gmt":"2023-01-03T11:56:09","slug":"oberta-la-inscripcio-per-a-la-135-edicio-del-cibm-ciutat-de-valencia","status":"publish","type":"post","link":"https:\/\/fsmcv.org\/vl\/certamens\/oberta-la-inscripcio-per-a-la-135-edicio-del-cibm-ciutat-de-valencia\/","title":{"rendered":"Oberta la inscripci\u00f3 per a la 135 edici\u00f3 del CIBM &#8216;Ciutat de Val\u00e8ncia&#8217;"},"content":{"rendered":"\n<p>Ja s&#8217;han obert les inscripcions per a les societats musicals que desitgen participar en la 135 edici\u00f3 del CIBM \u201cCiutat de Val\u00e8ncia\u201d 2023. <\/p>\n\n<p>Vos recordem que el termini finalitza el 17 de gener i que teniu m\u00e9s informaci\u00f3 en <a href=\"http:\/\/www.cibm-valencia.com\" target=\"_blank\" rel=\"noopener\">http:\/\/www.cibm-valencia.com.<\/a><\/p>\n\n<figure class=\"wp-block-image size-large\"><img decoding=\"async\" src=\"https:\/\/fsmcv.org\/wp-content\/uploads\/2023\/01\/FB_IMG_1672746661053-1-1024x683.jpg\" alt=\"\" class=\"wp-image-61168\" title=\"\"><\/figure>\n<p>Les inscripcions es poden formalitzar mitjan\u00e7ant inst\u00e0ncia espec\u00edfica habilitada en la seu electr\u00f2nica de l&#8217;Ajuntament de Val\u00e8ncia:<a href=\"https:\/\/sede.valencia.es\/sede\/registro\/procedimiento\/cu.ay.80?lang=1\" target=\"_blank\" rel=\"noopener\">https:\/\/sede.valencia.es\/sede\/registro\/procedimiento\/cu.ay.80?lang=1<\/a><\/p>\n\n<p>Foto: Eva Ripoll<\/p>\n","protected":false},"excerpt":{"rendered":"<p>Ja s&#8217;han obert les inscripcions per a les societats musicals que desitgen participar en la 135 edici\u00f3 del CIBM \u201cCiutat de Val\u00e8ncia\u201d 2023. Vos recordem que el termini finalitza el 17 de gener i que teniu m\u00e9s informaci\u00f3 en http:\/\/www.cibm-valencia.com. Les inscripcions es poden formalitzar mitjan\u00e7ant inst\u00e0ncia espec\u00edfica habilitada en la seu electr\u00f2nica de l&#8217;Ajuntament [&hellip;]<\/p>\n","protected":false},"author":9,"featured_media":61164,"comment_status":"open","ping_status":"closed","sticky":false,"template":"","format":"standard","meta":{"footnotes":""},"categories":[234],"tags":[],"class_list":["post-61166","post","type-post","status-publish","format-standard","has-post-thumbnail","hentry","category-certamens"],"_links":{"self":[{"href":"https:\/\/fsmcv.org\/vl\/wp-json\/wp\/v2\/posts\/61166","targetHints":{"allow":["GET"]}}],"collection":[{"href":"https:\/\/fsmcv.org\/vl\/wp-json\/wp\/v2\/posts"}],"about":[{"href":"https:\/\/fsmcv.org\/vl\/wp-json\/wp\/v2\/types\/post"}],"author":[{"embeddable":true,"href":"https:\/\/fsmcv.org\/vl\/wp-json\/wp\/v2\/users\/9"}],"replies":[{"embeddable":true,"href":"https:\/\/fsmcv.org\/vl\/wp-json\/wp\/v2\/comments?post=61166"}],"version-history":[{"count":0,"href":"https:\/\/fsmcv.org\/vl\/wp-json\/wp\/v2\/posts\/61166\/revisions"}],"wp:featuredmedia":[{"embeddable":true,"href":"https:\/\/fsmcv.org\/vl\/wp-json\/wp\/v2\/media\/61164"}],"wp:attachment":[{"href":"https:\/\/fsmcv.org\/vl\/wp-json\/wp\/v2\/media?parent=61166"}],"wp:term":[{"taxonomy":"category","embeddable":true,"href":"https:\/\/fsmcv.org\/vl\/wp-json\/wp\/v2\/categories?post=61166"},{"taxonomy":"post_tag","embeddable":true,"href":"https:\/\/fsmcv.org\/vl\/wp-json\/wp\/v2\/tags?post=61166"}],"curies":[{"name":"wp","href":"https:\/\/api.w.org\/{rel}","templated":true}]}}