{"id":61188,"date":"2023-01-09T12:36:09","date_gmt":"2023-01-09T11:36:09","guid":{"rendered":"https:\/\/fsmcv.org\/certamens\/el-barbieri-mes-desconegut-sona-per-primera-vegada-a-llosa-de-ranes\/"},"modified":"2023-01-26T11:13:00","modified_gmt":"2023-01-26T10:13:00","slug":"el-barbieri-mes-desconegut-sona-per-primera-vegada-a-llosa-de-ranes","status":"publish","type":"post","link":"https:\/\/fsmcv.org\/vl\/societats-musicals\/el-barbieri-mes-desconegut-sona-per-primera-vegada-a-llosa-de-ranes\/","title":{"rendered":"El Barbieri m\u00e9s desconegut sona per primera vegada a Llosa de Ranes."},"content":{"rendered":"\n<p><strong>La Societat Musical de Llosa de Ranes al costat de \u00ab<a href=\"https:\/\/www.youtube.com\/channel\/UCAcdOjsfj4xgdGgMdXhIGLg\" target=\"_blank\" rel=\"noreferrer noopener\">En clau de vents: registre sonors<\/a>\u00bb han recuperat deu obres in\u00e8dites de Francisco Asenjo Barbieri (1823-1894), compostes per a banda entre 1842 i 1859 que es conserven a la Biblioteca Nacional d&#8217;Espanya.<\/strong><\/p>\n\n<p class=\"has-text-align-right\">30 de desembre de 2022.<\/p>\n\n<p>El madrileny Francisco Asenjo Barbieri \u00e9s considerat com un dels pares de la sarsuela espanyola amb t\u00edtols consagrats com a \u00abPan y toros\u00bb (1864) o \u00abEl barberillo de Lavapi\u00e9s\u00bb (1874). Ara b\u00e9, la seua contribuci\u00f3 al repertori de banda de m\u00fasica era poc conegut, tractant-se d&#8217;obres compostes durant la seua joventut i que, actualment, es conserven en els fons de la Biblioteca Nacional d&#8217;Espanya.<\/p>\n\n<p>Aqueix ha sigut l&#8217;objectiu que s&#8217;ha volgut esmenar durant el \u00abCinqu\u00e8 Festival de Vent\u00bb de la Llosa de Ranes (Val\u00e8ncia), esdeveniment que compta amb la col\u00b7laboraci\u00f3 de l&#8217;Ajuntament de Llosa de Ranes i de la Fundaci\u00f3 Sanganxa. Aquest divendres 30 de desembre, en el \u00abAuditori Mestre Vicent Tortosa\u00bb, un ensemble de membres de la societat musical oferiran el concert \u00abEls m\u00fasiques del passat. Obres in\u00e9dites per a banda de Francisco A. Barbieri\u00bb sota la direcci\u00f3 de Rafael Grau. Una interpretaci\u00f3 que segueix criteris historicistes per\u00f2 amb una organologia moderna i que ha retornat a la vida deu composicions del mestre madrileny que van ser concebudes entre 1842 i 1859. Aquestes seran gravades i es podran escoltar en obert en els canals de Youtube de la <a href=\"https:\/\/www.youtube.com\/@societatmusicallallosadera3785\" target=\"_blank\" rel=\"noreferrer noopener\">Societat Musical Llosa de Ranes<\/a> i <a href=\"https:\/\/www.youtube.com\/channel\/UCAcdOjsfj4xgdGgMdXhIGLg\" target=\"_blank\" rel=\"noreferrer noopener\">En clau de vents: registre sonors.<\/a><\/p>\n\n<p>Entre elles trobem cinc pasdobles de car\u00e0cter militar:<br\/>\u00abPasodoble compuesto y dedicado a la banda del 5\u00ba Batall\u00f3n de la Milicia Nacional de Madrid\u00bb (1843), \u00abPasodoble escrito para el regimiento de Granaderos de la Corona\u00bb (1848), \u00abEl estudiante\u00bb (1848), \u00abPasodoble 25 de mayo de 1849\u00bb (1849) y \u00abPasodoble 29 de mayo de 1849\u00bb (1849). A ells se sumen dues transcripcions de fragments de sarsueles: \u00abSeguidilles de la sarsuela Gloria i perruca\u00bb, estrenada en el Teatre Varietats de Madrid el 9 de mar\u00e7 de 1850 i la \u00abTanda de rigodones de la sarsuela Jugar amb foc\u00bb que fora estrenada en el Teatre Circ de Madrid el 6 d&#8217;octubre de 1851. Finalment, el repertori recuperat inclou l&#8217;\u00abErrant i Allegro\u00bb (1842), que es tracta d&#8217;una polonesa de concert, la polca \u00abL&#8217;artilleria espanyola\u00bb (1859) escrita durant el context de la guerra d&#8217;\u00c0frica (1859-1860) i un esborrany anomenat<br\/>\u00abManuscrito 107\u00bb datat cap a 1850.<\/p>\n\n<p>No ha sigut una tasca f\u00e0cil dur a terme aquest projecte, havent de salvar-se diferents inconvenients. D&#8217;una banda, l&#8217;equip de transcriptors -Frederic Oriola, Mari \u00c0ngels Faus, Dario Giner i Salvador Astruells-, han hagut d&#8217;adequar les peces a l&#8217;organologia de les modernes bandes adaptant instruments desapareguts als actuals per\u00f2 sense perdre el car\u00e0cter historicista del projecte. D&#8217;altra banda, el director, Rafa Grau, s&#8217;ha enfrontat a un repertori antic, amb unes est\u00e8tiques molt allunyades de les actuals, amb melodies italianitzades i unes sonoritats carregades de metalls. Finalment, dir que aquest projecte degu\u00e9 dur-se a terme en 2021, ajornant-se a causa de la crisi sanit\u00e0ria motivada per la COVID-19.<\/p>\n\n<p>El programa del \u00abCinqu\u00e8 Festival de Vent\u00bb celebrat a la Llosa de Ranes s&#8217;ha completat amb la representaci\u00f3 del teatre musical \u00abLa vertadera hist\u00f2ria de Pinotxo\u00bb el dimecres 28 de desembre i l&#8217;actuaci\u00f3 de quartet de metalls \u00abArt of brass Val\u00e8ncia\u00bb el dijous 29 de desembre.<br\/>++++++++++++++++++++++++++++++++++++++++++++++++++++<br\/>El projecte \u00ab<a href=\"https:\/\/www.youtube.com\/channel\/UCAcdOjsfj4xgdGgMdXhIGLg\" target=\"_blank\" rel=\"noreferrer noopener\">En clau de vents: registre sonors<\/a>\u00bb \u00e9s una iniciativa<br\/>sense \u00e0nim de lucre desenvolupada en Youtube i Instagram. Es tracta d&#8217;una proposta de musicologia aplicada dedicada a la recuperaci\u00f3 de la m\u00fasica de banda composta abans de 1975 amb l&#8217;objectiu de crear un repositori musical. Va n\u00e0ixer en 2020 i est\u00e0 coordinat per l&#8217;historiador Frederic Oriola Vell\u00f3 (Quatretonda, 1978) i la music\u00f2loga Mari \u00c1ngels Faus Mascarell (R\u00f3tova, 1977). La iniciativa compta amb la col\u00b7laboraci\u00f3 de diferents investigadors, t\u00e8cnics de so, directors de banda i music\u00f2legs, tant valencians com<br\/>de la resta de l&#8217;Estat espanyol, que col\u00b7laboren en la recuperaci\u00f3 del patrimoni musical de les bandes de m\u00fasica.<\/p>\n\n<p class=\"has-text-align-right\"><strong>Dades de contacte:<\/strong><br\/>Mail: <a href=\"mailto:enclaudevents@gmail.com\" target=\"_blank\" rel=\"noreferrer noopener\">enclaudevents@gmail.com<\/a><br\/>Instagram: <a href=\"http:\/\/@en_clau_de_vents\" target=\"_blank\" rel=\"noreferrer noopener\">@en_clau_de_vents<\/a><br\/>Frederic Oriola Vell\u00f3: 687 016 779<br\/>Mari \u00c0ngels Faus Mascarell: 686 964 414<\/p>\n","protected":false},"excerpt":{"rendered":"<p>La Societat Musical de Llosa de Ranes al costat de \u00abEn clau de vents: registre sonors\u00bb han recuperat deu obres in\u00e8dites de Francisco Asenjo Barbieri (1823-1894), compostes per a banda entre 1842 i 1859 que es conserven a la Biblioteca Nacional d&#8217;Espanya. 30 de desembre de 2022. El madrileny Francisco Asenjo Barbieri \u00e9s considerat com [&hellip;]<\/p>\n","protected":false},"author":17,"featured_media":61186,"comment_status":"open","ping_status":"closed","sticky":false,"template":"","format":"standard","meta":{"footnotes":""},"categories":[56],"tags":[],"class_list":["post-61188","post","type-post","status-publish","format-standard","has-post-thumbnail","hentry","category-societats-musicals"],"_links":{"self":[{"href":"https:\/\/fsmcv.org\/vl\/wp-json\/wp\/v2\/posts\/61188","targetHints":{"allow":["GET"]}}],"collection":[{"href":"https:\/\/fsmcv.org\/vl\/wp-json\/wp\/v2\/posts"}],"about":[{"href":"https:\/\/fsmcv.org\/vl\/wp-json\/wp\/v2\/types\/post"}],"author":[{"embeddable":true,"href":"https:\/\/fsmcv.org\/vl\/wp-json\/wp\/v2\/users\/17"}],"replies":[{"embeddable":true,"href":"https:\/\/fsmcv.org\/vl\/wp-json\/wp\/v2\/comments?post=61188"}],"version-history":[{"count":0,"href":"https:\/\/fsmcv.org\/vl\/wp-json\/wp\/v2\/posts\/61188\/revisions"}],"wp:featuredmedia":[{"embeddable":true,"href":"https:\/\/fsmcv.org\/vl\/wp-json\/wp\/v2\/media\/61186"}],"wp:attachment":[{"href":"https:\/\/fsmcv.org\/vl\/wp-json\/wp\/v2\/media?parent=61188"}],"wp:term":[{"taxonomy":"category","embeddable":true,"href":"https:\/\/fsmcv.org\/vl\/wp-json\/wp\/v2\/categories?post=61188"},{"taxonomy":"post_tag","embeddable":true,"href":"https:\/\/fsmcv.org\/vl\/wp-json\/wp\/v2\/tags?post=61188"}],"curies":[{"name":"wp","href":"https:\/\/api.w.org\/{rel}","templated":true}]}}