{"id":61194,"date":"2023-01-09T12:47:47","date_gmt":"2023-01-09T11:47:47","guid":{"rendered":"https:\/\/fsmcv.org\/certamens\/la-paz-tanca-lany-amb-un-total-de-241-actes-i-aferma-en-el-2023-els-seus-cicles-i-festivals\/"},"modified":"2023-01-26T11:12:48","modified_gmt":"2023-01-26T10:12:48","slug":"la-paz-tanca-lany-amb-un-total-de-241-actes-i-aferma-en-el-2023-els-seus-cicles-i-festivals","status":"publish","type":"post","link":"https:\/\/fsmcv.org\/vl\/societats-musicals\/la-paz-tanca-lany-amb-un-total-de-241-actes-i-aferma-en-el-2023-els-seus-cicles-i-festivals\/","title":{"rendered":"<strong>La Paz tanca l&#8217;any amb un total de 241 actes i aferma en el 2023 els seus cicles i festivals<\/strong>"},"content":{"rendered":"\n<h2 class=\"wp-block-heading\">En el concert de festes s&#8217;estrenar\u00e0 un pasdoble en honor al 75 aniversari de les reines i dames de les festes del Crist.<\/h2>\n\n<p>Un total de 241 actes, entre esdeveniments diversos, audicions i concerts han sigut realitzats per les agrupacions musicals de la Societat Musical La Paz i l&#8217;alumnat dels seus centres educatius, l&#8217;escola de m\u00fasica elemental Maestro Climent i el conservatori autoritzat professional Vila de Sant Joan.<\/p>\n\n<p>Entre els principals, el mes de mar\u00e7 passat, el concert en la parr\u00f2quia en el qual es va gravar en directe el quart volum de la col\u00b7lecci\u00f3 \u201cM\u00fasica per al Poble de Sant Joan\u201d en el qual es pot escoltar el R\u00e8quiem de Mozart a c\u00e0rrec de l&#8217;Orquestra Simf\u00f2nica dirigida per Joan Espinosa, projecte que es va iniciar en el 2019 i que despr\u00e9s d&#8217;un temps de pand\u00e8mia es va poder posar en marxa conjuminant esfor\u00e7os amb els cors d&#8217;Ibi i Onil, que es van sumar a les veus de l&#8217;orfe\u00f3 Sant Joan, a m\u00e9s de les veus de la soprano Pepi Lloret, la mezzosoprano Concha Marcos de Lle\u00f3, el tenor Mario Gonz\u00e1lez i el sota Rub\u00e9n Belmonte.<\/p>\n\n<p>Al llarg del pr\u00f2xim exercici es gravar\u00e0 el cinqu\u00e9 volum en el qual s&#8217;inclour\u00e0 entre altres el pasdoble \u2018Societat Musical La Paz\u2019 de Ferr\u00e1n Campos-Vald\u00e9s, pasdoble guanyador del tercer certamen de composici\u00f3 \u201cSant Joan d&#8217;Alacant\u201d en honor als 150 anys de la fundaci\u00f3 de la banda de m\u00fasica La Paz i \u2018Sesquicentenari\u2019, obertura de Joan Enric Canet composta per enc\u00e0rrec per a celebrar l&#8217;aniversari.<\/p>\n\n<p>Per a mediats del pr\u00f2xim estiu est\u00e0 previst, en el marc del V certamen de composici\u00f3, triar el pasdoble en honor al 75 aniversari de les reines i dames de les festes del Crist, que s&#8217;estrenar\u00e0 en el concert de festes, igual que la lletra del pasdoble himne de les festes del Sant\u00edssim Crist de La Paz, guanyador en l&#8217;anterior certamen. L&#8217;edici\u00f3 de les partitures i del posterior CD de la col\u00b7lecci\u00f3 \u2018M\u00fasica per al Poble de Sant Joan\u2019 comptar\u00e0, com en els anteriors exercicis, amb el segell editorial i discogr\u00e0fic de la Federaci\u00f3 de Societats Musicals de la Comunitat Valenciana, FSMCV-PRODUCCIONS i <em>FSMCV<\/em><em>&#8211;<\/em>EDICIONS.<\/p>\n\n<p>La Societat Musical La Paz, en col\u00b7laboraci\u00f3 amb la parr\u00f2quia Sant Joan Baptista i la Junta Major de Confraries i Germanors de la Setmana Santa de Sant Joan d&#8217;Alacant, va tornar a organitzar un total de 21 programes que van donar cobertura musical als actes de Sant Gregori i Setmana Santa, i que en les pr\u00f2ximes festes s&#8217;afermaran amb la participaci\u00f3 dels cors en diverses processons.<\/p>\n\n<p>La Paz va continuar, amb la col\u00b7laboraci\u00f3 de la regidoria de Cultura, amb el segon cicle de m\u00fasica sacra &#8220;Sant Joan Baptista&#8221; amb tres concerts d&#8217;alt nivell art\u00edstic. Aquest cicle aspira a ser un referent musical igual que el cicle de m\u00fasica antiga &#8220;Sancti Iohannis&#8221;, que aquest 2023 passar\u00e0 al mes d&#8217;octubre afermant els concerts en l&#8217;ermita de Benimagrell.<\/p>\n\n<p>Tamb\u00e9 l&#8217;entitat musical apostar\u00e0 a potenciar el cicle deg\u00e0 de l&#8217;entitat, el cicle de m\u00fasica de cambra \u2018Novembre Musical\u2019 que enguany compleix la seua vint-i-quatrena edici\u00f3 i en el qual s&#8217;espera l&#8217;actuaci\u00f3 de grups i solistes rellevants del panorama interpretatiu.<\/p>\n\n<p>Els concerts estiuencs de l&#8217;IV Festival Internacional de Jazz celebrats enguany als jardins municipals de Manzaneta i a la Torre Ansaldo ratifiquen indiscutiblement a Sant Joan com un referent musical a la prov\u00edncia d&#8217;Alacant amb una gran varietat d&#8217;estils consolidats: m\u00fasica de banda, simf\u00f2nica, coral, cambra, i les grans apostes de m\u00fasica antiga, sacra i moderna.<\/p>\n\n<p>D&#8217;altra banda, en el concert de clausura de l&#8217;actual curs acad\u00e8mic, oferit al juny per la banda i l&#8217;orquestra del conservatori, va tindre lloc la graduaci\u00f3 de la setena promoci\u00f3 del centre autoritzat professional de m\u00fasica Vila de Sant Joan en la qual es van graduar un total de nou estudiants.<\/p>\n\n<p>La festa en honor a Santa Cecilia de la banda de m\u00fasica, celebrant la volta a la normalitat despr\u00e9s de tres anys d&#8217;espera, va coincidir amb diversos homenatges a Manuel Ivorra Alberola (soci d&#8217;honor), Cristina Amat Giner (m\u00fasic en actiu i dona pionera en la banda de m\u00fasica), Amparo Espin\u00f3s Juan (acabada de llicenciar en percussi\u00f3 i pedagogia) i tamb\u00e9 a vint-i-dos educands que es van incorporar oficialment a la banda titular. Aix\u00ed mateix l&#8217;entitat tamb\u00e9 va condecorar amb la medalla de plata de l&#8217;entitat als m\u00fasics C\u00e9sar P\u00e9rez Garc\u00eda, Ana Alegre L\u00f3pez i Dolores Sala Buades, per la seua pertinen\u00e7a a la banda titular durant m\u00e9s de vint-i-cinc anys.<\/p>\n\n<h2 class=\"wp-block-heading\"><strong>Programaci\u00f3 de Reis<\/strong><\/h2>\n\n<p><strong>Els alumnes de l&#8217;escola elemental participaran per primera vegada en la cavalcada.<\/strong><\/p>\n\n<p>Dimecres que ve 4 de gener a les 12h en l&#8217;exterior de la casa de cultura tindr\u00e0 lloc el concert de reis del gran grup de metalls de la Societat Musical La Paz dirigit per Rub\u00e9n Rubio en el qual com a anys arrere participaran tots els alumnes de l&#8217;escola de m\u00fasica elemental Maestro Climent de les especialitats instrumentals de vent metall (tuba, bombard\u00ed, tromb\u00f3, trompa i trompeta) al costat dels instrumentistes de la banda del conservatori i professors.<\/p>\n\n<p>D&#8217;altra banda els alumnes integrants de la banda infantil de l&#8217;escola, dirigida per Amparo Espin\u00f3s, participaran per primera vegada en la cavalcada de reis acompanyant a la colla de dol\u00e7ainas Sargantana i a la banda de m\u00fasica titular que ambientaran les tres carrosses dels reis mags.<\/p>\n","protected":false},"excerpt":{"rendered":"<p>En el concert de festes s&#8217;estrenar\u00e0 un pasdoble en honor al 75 aniversari de les reines i dames de les festes del Crist. Un total de 241 actes, entre esdeveniments diversos, audicions i concerts han sigut realitzats per les agrupacions musicals de la Societat Musical La Paz i l&#8217;alumnat dels seus centres educatius, l&#8217;escola de [&hellip;]<\/p>\n","protected":false},"author":17,"featured_media":61192,"comment_status":"open","ping_status":"closed","sticky":false,"template":"","format":"standard","meta":{"footnotes":""},"categories":[56],"tags":[],"class_list":["post-61194","post","type-post","status-publish","format-standard","has-post-thumbnail","hentry","category-societats-musicals"],"_links":{"self":[{"href":"https:\/\/fsmcv.org\/vl\/wp-json\/wp\/v2\/posts\/61194","targetHints":{"allow":["GET"]}}],"collection":[{"href":"https:\/\/fsmcv.org\/vl\/wp-json\/wp\/v2\/posts"}],"about":[{"href":"https:\/\/fsmcv.org\/vl\/wp-json\/wp\/v2\/types\/post"}],"author":[{"embeddable":true,"href":"https:\/\/fsmcv.org\/vl\/wp-json\/wp\/v2\/users\/17"}],"replies":[{"embeddable":true,"href":"https:\/\/fsmcv.org\/vl\/wp-json\/wp\/v2\/comments?post=61194"}],"version-history":[{"count":0,"href":"https:\/\/fsmcv.org\/vl\/wp-json\/wp\/v2\/posts\/61194\/revisions"}],"wp:featuredmedia":[{"embeddable":true,"href":"https:\/\/fsmcv.org\/vl\/wp-json\/wp\/v2\/media\/61192"}],"wp:attachment":[{"href":"https:\/\/fsmcv.org\/vl\/wp-json\/wp\/v2\/media?parent=61194"}],"wp:term":[{"taxonomy":"category","embeddable":true,"href":"https:\/\/fsmcv.org\/vl\/wp-json\/wp\/v2\/categories?post=61194"},{"taxonomy":"post_tag","embeddable":true,"href":"https:\/\/fsmcv.org\/vl\/wp-json\/wp\/v2\/tags?post=61194"}],"curies":[{"name":"wp","href":"https:\/\/api.w.org\/{rel}","templated":true}]}}