{"id":61342,"date":"2023-01-11T10:44:25","date_gmt":"2023-01-11T09:44:25","guid":{"rendered":"https:\/\/fsmcv.org\/?p=61342"},"modified":"2023-01-11T10:45:15","modified_gmt":"2023-01-11T09:45:15","slug":"el-15-de-gener-se-celebrara-en-el-palau-de-les-arts-el-42-certamen-de-bandes-de-la-comunitat-valenciana-en-seccions-tercera-i-segona","status":"publish","type":"post","link":"https:\/\/fsmcv.org\/vl\/certamens\/el-15-de-gener-se-celebrara-en-el-palau-de-les-arts-el-42-certamen-de-bandes-de-la-comunitat-valenciana-en-seccions-tercera-i-segona\/","title":{"rendered":"El 15 de gener se celebrar\u00e0 en el Palau de les Arts el 42 Certamen de Bandes de la Comunitat Valenciana en seccions Tercera i Segona"},"content":{"rendered":"\n<p>Aquest pr\u00f2xim diumenge, 15 de gener, tindr\u00e0 lloc en l&#8217;el Palau de les Arts el 42 Certamen de Bandes de M\u00fasica de la Comunitat Valenciana en les categories de Tercera i Segona Seccions.<\/p>\n\n<figure class=\"wp-block-image size-large\"><img decoding=\"async\" src=\"https:\/\/fsmcv.org\/wp-content\/uploads\/2023\/01\/42c-general-1080-rrss-1024x1024.png\" alt=\"\" class=\"wp-image-61339\" title=\"\"><\/figure>\n<p>Al mat\u00ed, en Tercera Secci\u00f3, l&#8217;obra obligada ser\u00e0 \u2018Las Carboneras del Nal\u00f3n\u2019 i actuaran, a partir de les 10:30h la Uni\u00f3 Musical d\u2019Algimia que interpretaran el pasdoble \u201cMarina Civera\u201d de Manuel Morales Mart\u00ednez i \u201cThe Legend of Flahead Lake\u201d de Carl Wittrock com a obra lliure, amb la direcci\u00f3 de Xesco Guillem i Escobar, la Societat Musical L&#8217;Esperan\u00e7a de Sant Vicent del Raspeig que interpretaran el pasdoble \u201cSocarrats i Tramussers\u201d de Jaime Francisco Ripoll Martins , \u201dGolden Land\u201d de Sa\u00fal G\u00f3mez Soler com a obra lliure i amb la direcci\u00f3 de Jos\u00e9 Antonio Antol\u00edn Polo i la Banda de M\u00fasica Font d\u2019en Segures de Benassal que interpretaran el pasdoble \u201cGl\u00f3ria al pueblo\u201d de Perfecto Artola, \u201cSequences for band\u201d de Carlos Pellicer com a obra lliure sota la direcci\u00f3 de Ricardo Fortea Marco.<\/p>\n\n<p>A partir de les 16:30h arribar\u00e0 el torn de la Segona Secci\u00f3 amb \u201cEl Gran Mond\u00faver\u201d de Javier Arts Arlandis d&#8217;obra obligada i amb les actuacions de la Uni\u00f3 Musical Vallduxense de La Vall d&#8217;Uix\u00f3, que interpretaran el pasdoble \u201cLara Sos Boix\u201d de Francisco Signes, \u201cNautilus\u201d de Juan L. Roig com a obra lliure i amb la direcci\u00f3 d&#8217;\u00c1ngel Mart\u00ednez Cruz, la Societat Musical l\u2019Entusiasta de Benifair\u00f3 de la Valldigna que interpretaran el pasdoble \u201cEls tres Adolfos\u201d de Jos\u00e9 Dt. Mart\u00edn Dominga, \u201cThe Rise of the Phoenix\u201d de Teo Aparicio Barber\u00e1n com a obra lliure, baix la direcci\u00f3 de Carlos Sancho Cantus i finalitzar\u00e0 la jornada l&#8217;Ateneu Musical de Cocentaina interpretant el pasdoble \u201cGuitarra espa\u00f1ola\u201d d&#8217;Enrique Igual Blasco, \u201cEvocazioni\u201d de Paul Huber com a obra lliure i tot amb la direcci\u00f3 de Jos\u00e9 Miguel Fayos Jord\u00e1n.<\/p>\n\n<p>Presentar\u00e0 el certamen Laura Grande. Teniu tota la informaci\u00f3 en el Pdf que adjuntem en aquest article.<\/p>\n\n<div data-wp-interactive=\"core\/file\" class=\"wp-block-file\"><object data-wp-bind--hidden=\"!state.hasPdfPreview\" hidden class=\"wp-block-file__embed\" data=\"https:\/\/fsmcv.org\/wp-content\/uploads\/2023\/01\/42C-programa-230115-1.pdf\" type=\"application\/pdf\" style=\"width:100%;height:600px\" aria-label=\"Embed of 42C-programa-230115-1.\"><\/object><a id=\"wp-block-file--media-15af9ae1-7d60-41ff-8a18-7cd2f78618f5\" href=\"https:\/\/fsmcv.org\/wp-content\/uploads\/2023\/01\/42C-programa-230115-1.pdf\">42C-programa-230115-1<\/a><a href=\"https:\/\/fsmcv.org\/wp-content\/uploads\/2023\/01\/42C-programa-230115-1.pdf\" class=\"wp-block-file__button wp-element-button\" download=\"\" aria-describedby=\"wp-block-file--media-15af9ae1-7d60-41ff-8a18-7cd2f78618f5\">Desc\u00e0rrega<\/a><\/div>\n","protected":false},"excerpt":{"rendered":"<p>Aquest pr\u00f2xim diumenge, 15 de gener, tindr\u00e0 lloc en l&#8217;el Palau de les Arts el 42 Certamen de Bandes de M\u00fasica de la Comunitat Valenciana en les categories de Tercera i Segona Seccions. Al mat\u00ed, en Tercera Secci\u00f3, l&#8217;obra obligada ser\u00e0 \u2018Las Carboneras del Nal\u00f3n\u2019 i actuaran, a partir de les 10:30h la Uni\u00f3 Musical [&hellip;]<\/p>\n","protected":false},"author":9,"featured_media":61332,"comment_status":"open","ping_status":"closed","sticky":false,"template":"","format":"standard","meta":{"footnotes":""},"categories":[234],"tags":[],"class_list":["post-61342","post","type-post","status-publish","format-standard","has-post-thumbnail","hentry","category-certamens"],"_links":{"self":[{"href":"https:\/\/fsmcv.org\/vl\/wp-json\/wp\/v2\/posts\/61342","targetHints":{"allow":["GET"]}}],"collection":[{"href":"https:\/\/fsmcv.org\/vl\/wp-json\/wp\/v2\/posts"}],"about":[{"href":"https:\/\/fsmcv.org\/vl\/wp-json\/wp\/v2\/types\/post"}],"author":[{"embeddable":true,"href":"https:\/\/fsmcv.org\/vl\/wp-json\/wp\/v2\/users\/9"}],"replies":[{"embeddable":true,"href":"https:\/\/fsmcv.org\/vl\/wp-json\/wp\/v2\/comments?post=61342"}],"version-history":[{"count":0,"href":"https:\/\/fsmcv.org\/vl\/wp-json\/wp\/v2\/posts\/61342\/revisions"}],"wp:featuredmedia":[{"embeddable":true,"href":"https:\/\/fsmcv.org\/vl\/wp-json\/wp\/v2\/media\/61332"}],"wp:attachment":[{"href":"https:\/\/fsmcv.org\/vl\/wp-json\/wp\/v2\/media?parent=61342"}],"wp:term":[{"taxonomy":"category","embeddable":true,"href":"https:\/\/fsmcv.org\/vl\/wp-json\/wp\/v2\/categories?post=61342"},{"taxonomy":"post_tag","embeddable":true,"href":"https:\/\/fsmcv.org\/vl\/wp-json\/wp\/v2\/tags?post=61342"}],"curies":[{"name":"wp","href":"https:\/\/api.w.org\/{rel}","templated":true}]}}