{"id":61527,"date":"2023-01-18T08:55:40","date_gmt":"2023-01-18T07:55:40","guid":{"rendered":"https:\/\/fsmcv.org\/?p=61527"},"modified":"2023-01-18T08:56:34","modified_gmt":"2023-01-18T07:56:34","slug":"el-18-i-20-de-gener-se-celebren-a-valencia-els-actes-commemoratius-pel-dia-europeu-de-la-mediacio","status":"publish","type":"post","link":"https:\/\/fsmcv.org\/vl\/certamens\/el-18-i-20-de-gener-se-celebren-a-valencia-els-actes-commemoratius-pel-dia-europeu-de-la-mediacio\/","title":{"rendered":"El 18 I 20 de gener se celebren a Val\u00e8ncia els actes commemoratius pel Dia Europeu de la Mediaci\u00f3"},"content":{"rendered":"\n<p>El <strong>21 de gener<\/strong> se celebra el Dia Europeu de la Mediaci\u00f3, per a commemorar l&#8217;aprovaci\u00f3 del primer document legislatiu de mediaci\u00f3 europeu denominat &#8220;Recomanaci\u00f3 R (98)1 sobre Mediaci\u00f3 Familiar&#8221;.<\/p>\n\n<p>Enguany, tindran lloc a Val\u00e8ncia diversos actes amb participaci\u00f3 de la FSMCV i \u00e9s que en cap celebraci\u00f3 ha de faltar la m\u00fasica.<\/p>\n\n<p>Adjuntem el programa en PDF de les dos jornades.<\/p>\n\n<div data-wp-interactive=\"core\/file\" class=\"wp-block-file\"><object data-wp-bind--hidden=\"!state.hasPdfPreview\" hidden class=\"wp-block-file__embed\" data=\"https:\/\/fsmcv.org\/wp-content\/uploads\/2023\/01\/PROGRAMA-DIM-2023-CI-Y-CJ-2-1.pdf\" type=\"application\/pdf\" style=\"width:100%;height:600px\" aria-label=\"Embed of PROGRAMA-DIM-2023-CI-Y-CJ-2-1.\"><\/object><a id=\"wp-block-file--media-f4888890-e974-4221-a82a-5a3c223adc81\" href=\"https:\/\/fsmcv.org\/wp-content\/uploads\/2023\/01\/PROGRAMA-DIM-2023-CI-Y-CJ-2-1.pdf\">PROGRAMA-DIM-2023-CI-Y-CJ-2-1<\/a><a href=\"https:\/\/fsmcv.org\/wp-content\/uploads\/2023\/01\/PROGRAMA-DIM-2023-CI-Y-CJ-2-1.pdf\" class=\"wp-block-file__button wp-element-button\" download=\"\" aria-describedby=\"wp-block-file--media-f4888890-e974-4221-a82a-5a3c223adc81\">Desc\u00e0rrega<\/a><\/div>\n","protected":false},"excerpt":{"rendered":"<p>El 21 de gener se celebra el Dia Europeu de la Mediaci\u00f3, per a commemorar l&#8217;aprovaci\u00f3 del primer document legislatiu de mediaci\u00f3 europeu denominat &#8220;Recomanaci\u00f3 R (98)1 sobre Mediaci\u00f3 Familiar&#8221;. Enguany, tindran lloc a Val\u00e8ncia diversos actes amb participaci\u00f3 de la FSMCV i \u00e9s que en cap celebraci\u00f3 ha de faltar la m\u00fasica. Adjuntem el [&hellip;]<\/p>\n","protected":false},"author":9,"featured_media":61531,"comment_status":"open","ping_status":"closed","sticky":false,"template":"","format":"standard","meta":{"footnotes":""},"categories":[304,234],"tags":[],"class_list":["post-61527","post","type-post","status-publish","format-standard","has-post-thumbnail","hentry","category-altres","category-certamens"],"_links":{"self":[{"href":"https:\/\/fsmcv.org\/vl\/wp-json\/wp\/v2\/posts\/61527","targetHints":{"allow":["GET"]}}],"collection":[{"href":"https:\/\/fsmcv.org\/vl\/wp-json\/wp\/v2\/posts"}],"about":[{"href":"https:\/\/fsmcv.org\/vl\/wp-json\/wp\/v2\/types\/post"}],"author":[{"embeddable":true,"href":"https:\/\/fsmcv.org\/vl\/wp-json\/wp\/v2\/users\/9"}],"replies":[{"embeddable":true,"href":"https:\/\/fsmcv.org\/vl\/wp-json\/wp\/v2\/comments?post=61527"}],"version-history":[{"count":0,"href":"https:\/\/fsmcv.org\/vl\/wp-json\/wp\/v2\/posts\/61527\/revisions"}],"wp:featuredmedia":[{"embeddable":true,"href":"https:\/\/fsmcv.org\/vl\/wp-json\/wp\/v2\/media\/61531"}],"wp:attachment":[{"href":"https:\/\/fsmcv.org\/vl\/wp-json\/wp\/v2\/media?parent=61527"}],"wp:term":[{"taxonomy":"category","embeddable":true,"href":"https:\/\/fsmcv.org\/vl\/wp-json\/wp\/v2\/categories?post=61527"},{"taxonomy":"post_tag","embeddable":true,"href":"https:\/\/fsmcv.org\/vl\/wp-json\/wp\/v2\/tags?post=61527"}],"curies":[{"name":"wp","href":"https:\/\/api.w.org\/{rel}","templated":true}]}}