{"id":61659,"date":"2023-01-23T12:46:28","date_gmt":"2023-01-23T11:46:28","guid":{"rendered":"https:\/\/fsmcv.org\/certamens\/la-unio-musical-mar-chica-de-camporrobles-organitza-una-masterclass-de-comunicaion-no-verbal-i-marqueting-per-a-directors-i-directores-de-banda\/"},"modified":"2023-01-26T11:11:52","modified_gmt":"2023-01-26T10:11:52","slug":"la-unio-musical-mar-chica-de-camporrobles-organitza-una-masterclass-de-comunicaion-no-verbal-i-marqueting-per-a-directors-i-directores-de-banda","status":"publish","type":"post","link":"https:\/\/fsmcv.org\/vl\/societats-musicals\/la-unio-musical-mar-chica-de-camporrobles-organitza-una-masterclass-de-comunicaion-no-verbal-i-marqueting-per-a-directors-i-directores-de-banda\/","title":{"rendered":"La Uni\u00f3 Musical Mar Chica de Camporrobles organitza una *masterclass de &#8220;*Comunicai\u00f3n no verbal i m\u00e0rqueting per a directors i directores de banda&#8221;"},"content":{"rendered":"\n<p>La Uni\u00f3 Musical Mar Chica de Camporrobles organitza la masterclass de Direcci\u00f3 de Banda COMUNICACI\u00d3 NO VERBAL I M\u00c0RQUETING PER A DIRECTORS I DIRECTORES DE BANDA a c\u00e0rrec del director d&#8217;orquestra i banda Juan F. Ballesters. Aquesta Masterclass tindr\u00e0 lloc a Camporrobles el dia 25 de febrer de 9,30 a 14h. Constar\u00e0 de dues parts, una te\u00f2rica on s&#8217;abordaran estrat\u00e8gies de m\u00e0rqueting espec\u00edfiques per a m\u00fasics i una segona part amb la participaci\u00f3 de la Banda de la Uni\u00f3 Musical Mar Chica on es treballaran aspectes fonamentals de la comunicaci\u00f3 no verbal a trav\u00e9s de la t\u00e8cnica de direcci\u00f3.<br\/><br\/>La inscripci\u00f3 est\u00e0 oberta en la p\u00e0gina <a href=\"http:\/\/marketingelementalparamusicosexpertos.com\" target=\"_blank\" rel=\"noopener\">marketingelementalparamusicosexpertos.com<\/a> o en el tel\u00e8fon 645 209 213. El preu de la masterclass \u00e9s de 67\u20ac<\/p>\n\n<p>Web: <a href=\"https:\/\/marketingelementalparamusicosexpertos.com\/curso-banda\/\" target=\"_blank\" rel=\"noreferrer noopener\">marketingelementalparamusicosexpertos.com<\/a><\/p>\n\n<div data-wp-interactive=\"core\/file\" class=\"wp-block-file\"><object data-wp-bind--hidden=\"!state.hasPdfPreview\" hidden class=\"wp-block-file__embed\" data=\"https:\/\/fsmcv.org\/wp-content\/uploads\/2023\/01\/Dossier-Camporrobles-1.pdf\" type=\"application\/pdf\" style=\"width:100%;height:600px\" aria-label=\"Embed of Dossier-Camporrobles-1.\"><\/object><a id=\"wp-block-file--media-874297f4-9690-4fba-a9ac-361a36463310\" href=\"https:\/\/fsmcv.org\/wp-content\/uploads\/2023\/01\/Dossier-Camporrobles-1.pdf\">Dossier-Camporrobles-1<\/a><a href=\"https:\/\/fsmcv.org\/wp-content\/uploads\/2023\/01\/Dossier-Camporrobles-1.pdf\" class=\"wp-block-file__button wp-element-button\" download=\"\" aria-describedby=\"wp-block-file--media-874297f4-9690-4fba-a9ac-361a36463310\">Desc\u00e0rrega<\/a><\/div>\n\n<p><\/p>\n","protected":false},"excerpt":{"rendered":"<p>La Uni\u00f3 Musical Mar Chica de Camporrobles organitza la masterclass de Direcci\u00f3 de Banda COMUNICACI\u00d3 NO VERBAL I M\u00c0RQUETING PER A DIRECTORS I DIRECTORES DE BANDA a c\u00e0rrec del director d&#8217;orquestra i banda Juan F. Ballesters. Aquesta Masterclass tindr\u00e0 lloc a Camporrobles el dia 25 de febrer de 9,30 a 14h. Constar\u00e0 de dues parts, [&hellip;]<\/p>\n","protected":false},"author":17,"featured_media":61650,"comment_status":"open","ping_status":"closed","sticky":false,"template":"","format":"standard","meta":{"footnotes":""},"categories":[56],"tags":[],"class_list":["post-61659","post","type-post","status-publish","format-standard","has-post-thumbnail","hentry","category-societats-musicals"],"_links":{"self":[{"href":"https:\/\/fsmcv.org\/vl\/wp-json\/wp\/v2\/posts\/61659","targetHints":{"allow":["GET"]}}],"collection":[{"href":"https:\/\/fsmcv.org\/vl\/wp-json\/wp\/v2\/posts"}],"about":[{"href":"https:\/\/fsmcv.org\/vl\/wp-json\/wp\/v2\/types\/post"}],"author":[{"embeddable":true,"href":"https:\/\/fsmcv.org\/vl\/wp-json\/wp\/v2\/users\/17"}],"replies":[{"embeddable":true,"href":"https:\/\/fsmcv.org\/vl\/wp-json\/wp\/v2\/comments?post=61659"}],"version-history":[{"count":0,"href":"https:\/\/fsmcv.org\/vl\/wp-json\/wp\/v2\/posts\/61659\/revisions"}],"wp:featuredmedia":[{"embeddable":true,"href":"https:\/\/fsmcv.org\/vl\/wp-json\/wp\/v2\/media\/61650"}],"wp:attachment":[{"href":"https:\/\/fsmcv.org\/vl\/wp-json\/wp\/v2\/media?parent=61659"}],"wp:term":[{"taxonomy":"category","embeddable":true,"href":"https:\/\/fsmcv.org\/vl\/wp-json\/wp\/v2\/categories?post=61659"},{"taxonomy":"post_tag","embeddable":true,"href":"https:\/\/fsmcv.org\/vl\/wp-json\/wp\/v2\/tags?post=61659"}],"curies":[{"name":"wp","href":"https:\/\/api.w.org\/{rel}","templated":true}]}}