{"id":61794,"date":"2023-01-26T12:18:15","date_gmt":"2023-01-26T11:18:15","guid":{"rendered":"https:\/\/fsmcv.org\/?p=61794"},"modified":"2023-01-27T17:24:21","modified_gmt":"2023-01-27T16:24:21","slug":"rafael-grau-vilar-assumix-la-batuta-de-la-jove-banda-simfonica-de-la-fsmcv-durant-2023","status":"publish","type":"post","link":"https:\/\/fsmcv.org\/vl\/jove-banda-simfonica\/rafael-grau-vilar-assumix-la-batuta-de-la-jove-banda-simfonica-de-la-fsmcv-durant-2023\/","title":{"rendered":"Rafael Grau Vilar assumix la batuta de la Jove Banda Simf\u00f2nica de la FSMCV durant 2023"},"content":{"rendered":"\n<p><strong>Rafael Grau Vilar<\/strong> (Castell\u00f3, 1990) ser\u00e0 el nou director de la Jove Banda Simf\u00f2nica de la Federaci\u00f3 de Societats Musicals de la Comunitat Valenciana (FSMCV). Aix\u00ed ho ha decidit la junta directiva de l&#8217;entitat per a un c\u00e0rrec que es renova anualment. Grau Vilar recull la batuta de Lid\u00f3n Valer Cabaleiro, titular de la formaci\u00f3 durant l&#8217;\u00faltim any natural.<\/p>\n\n<p>L&#8217;encarregat de guiar a la jove unitat de la Federaci\u00f3 \u00e9s l&#8217;actual director titular de l&#8217;Ateneo Musical Schola Cantorum de la Vall d&#8217;Uix\u00f3. En la seua traject\u00f2ria fins al moment figuren treballs com la direcci\u00f3 de la Sociedad Musical la Llosa de Ranes i el seu treball amb reconeguts m\u00fasics internacionals a trav\u00e9s de la Fundaci\u00f3 Sanganxa.<\/p>\n\n<figure class=\"wp-block-image size-large\"><img decoding=\"async\" src=\"https:\/\/fsmcv.org\/wp-content\/uploads\/2023\/01\/1_Rafael-Grau-Vilar-1024x683.jpg\" alt=\"\" class=\"wp-image-61778\" title=\"\"><figcaption class=\"wp-element-caption\">Rafael Grau Vilar, en un concert. Diputaci\u00f3 de Castell\u00f3<\/figcaption><\/figure>\n<p>Amb la seua actual agrupaci\u00f3 ha rebut el Primer Premi de la m\u00e0xima categoria del 43 Certamen Provincial de Bandes de M\u00fasica de Castell\u00f3, aix\u00ed com el Premi a la Millor Interpretaci\u00f3 d&#8217;obra lliure, amb el t\u00edtol <em>El Jard\u00edn de Hera<\/em> del compositor Jos\u00e9 Su\u00f1er Oriola. <\/p>\n\n<p>Actualment, Grau Vilar completa la seua \u00e0mplia formaci\u00f3 amb el t\u00edtol superior de Direcci\u00f3 d&#8217;Orquestra i Cor en el Conservatori Superior de M\u00fasica Joaqu\u00edn Rodrigo de Val\u00e8ncia, carrera en la qual ja compta amb el m\u00e0ster de Direcci\u00f3 d&#8217;Orquestra de l&#8217;ESMAR amb el mestre Crist\u00f3bal Soler. <\/p>\n\n<p><strong>La Jove Banda Simf\u00f2nica de la FSMCV<\/strong><\/p>\n\n<p>El nou dest\u00ed de Grau Vilar, la Jove Banda Simf\u00f2nica de la FSMCV, \u00e9s una formaci\u00f3 d&#8217;alt rendiment que es va constituir de manera oficial en 2001. \u00c9s una mostra del fenomen social, educatiu i cultural \u00fanic en el m\u00f3n que representen estes associacions. Est\u00e0 composta per m\u00e9s de 110 m\u00fasics d&#8217;entre 18 i 28 anys, que cursen com a m\u00ednim, el cinqu\u00e9 curs d&#8217;ensenyaments professionals, que pertanyen a totes les comarques de la Comunitat Valenciana i que han sigut escollits d&#8217;entre m\u00e9s de 300 candidats.<\/p>\n","protected":false},"excerpt":{"rendered":"<p>Rafael Grau Vilar (Castell\u00f3, 1990) ser\u00e0 el nou director de la Jove Banda Simf\u00f2nica de la Federaci\u00f3 de Societats Musicals de la Comunitat Valenciana (FSMCV). Aix\u00ed ho ha decidit la junta directiva de l&#8217;entitat per a un c\u00e0rrec que es renova anualment. Grau Vilar recull la batuta de Lid\u00f3n Valer Cabaleiro, titular de la formaci\u00f3 [&hellip;]<\/p>\n","protected":false},"author":9,"featured_media":61782,"comment_status":"open","ping_status":"closed","sticky":false,"template":"","format":"standard","meta":{"footnotes":""},"categories":[80],"tags":[],"class_list":["post-61794","post","type-post","status-publish","format-standard","has-post-thumbnail","hentry","category-jove-banda-simfonica"],"_links":{"self":[{"href":"https:\/\/fsmcv.org\/vl\/wp-json\/wp\/v2\/posts\/61794","targetHints":{"allow":["GET"]}}],"collection":[{"href":"https:\/\/fsmcv.org\/vl\/wp-json\/wp\/v2\/posts"}],"about":[{"href":"https:\/\/fsmcv.org\/vl\/wp-json\/wp\/v2\/types\/post"}],"author":[{"embeddable":true,"href":"https:\/\/fsmcv.org\/vl\/wp-json\/wp\/v2\/users\/9"}],"replies":[{"embeddable":true,"href":"https:\/\/fsmcv.org\/vl\/wp-json\/wp\/v2\/comments?post=61794"}],"version-history":[{"count":0,"href":"https:\/\/fsmcv.org\/vl\/wp-json\/wp\/v2\/posts\/61794\/revisions"}],"wp:featuredmedia":[{"embeddable":true,"href":"https:\/\/fsmcv.org\/vl\/wp-json\/wp\/v2\/media\/61782"}],"wp:attachment":[{"href":"https:\/\/fsmcv.org\/vl\/wp-json\/wp\/v2\/media?parent=61794"}],"wp:term":[{"taxonomy":"category","embeddable":true,"href":"https:\/\/fsmcv.org\/vl\/wp-json\/wp\/v2\/categories?post=61794"},{"taxonomy":"post_tag","embeddable":true,"href":"https:\/\/fsmcv.org\/vl\/wp-json\/wp\/v2\/tags?post=61794"}],"curies":[{"name":"wp","href":"https:\/\/api.w.org\/{rel}","templated":true}]}}