{"id":62018,"date":"2023-02-06T15:51:25","date_gmt":"2023-02-06T14:51:25","guid":{"rendered":"https:\/\/fsmcv.org\/certamens\/lateneo-musical-de-cullera-organitza-una-classe-magistral-de-tecnica-vocal\/"},"modified":"2023-02-06T15:55:02","modified_gmt":"2023-02-06T14:55:02","slug":"lateneo-musical-de-cullera-organitza-una-classe-magistral-de-tecnica-vocal","status":"publish","type":"post","link":"https:\/\/fsmcv.org\/vl\/societats-musicals\/lateneo-musical-de-cullera-organitza-una-classe-magistral-de-tecnica-vocal\/","title":{"rendered":"L\u2019Ateneo Musical de Cullera organitza una classe magistral de t\u00e8cnica vocal"},"content":{"rendered":"\n<p class=\"has-text-align-right\">CULLERA, 06\/02\/2023<\/p>\n\n<p>L\u2019Ateneo Musical de Cullera va organitzar el passat dissabte 4 de febrer una classe magistral de t\u00e8cnica vocal, amb Tanya Dur\u00e1n Gil com a soprano i Llu\u00eds Mart\u00ednez-Agudo com a baix-bar\u00edton.<\/p>\n\n<p>Esta iniciativa va ser tot un \u00e8xit, ja que fins a 36 alumnes van acudir el dissabte al Musical per atendre a les classes magistrals de dues hores impartides per dues veus amb un gran reconeixement internacional.<\/p>\n\n<p>Tanya Dur\u00e1n Gil naix a Val\u00e8ncia, on comen\u00e7a els estudis de cant, fagot i violoncel al Conservatori Municipal de Silla abans de cursar la titulaci\u00f3 superior de cant al Conservatori Superior de Val\u00e8ncia amb la soprano Gloria Fabuel. Tamb\u00e9 obt\u00e9 la \u201cMenci\u00f3 d\u2019honor\u201d als estudis de cant, solfeig i teoria de la M\u00fasica. <\/p>\n\n<p>Llu\u00eds Mart\u00ednez-Agudo naix a Val\u00e8ncia, on estudia Cant al Conservatori Superior de M\u00fasica, tamb\u00e9 sota la tutela de Gloria Fabuel. Com a baix-bar\u00edton, ha participat en incomptables produccions d\u2019\u00f2pera a escenaris com el Palau de la M\u00fasica, el Gran Teatre del Liceu o el Teatro Real de Madrid entre altres.<\/p>\n\n<p>Els assistents que volien aprendre de la t\u00e8cnica per a veu femenina assistiren a la classe de Dur\u00e1n Gil, mentre que els de veu m\u00e9s greu van atendre a les explicacions de Mart\u00ednez-Agudo, ambdues impartides al local de l\u2019Ateneo Musical.<\/p>\n\n<p class=\"has-text-align-right\">Societat Ateneo Musical de Cullera<br\/>Departament de comunicaci\u00f3<br\/>Direcci\u00f3: C\/ Ateneu Musical, 15 (46400, Cullera, Val\u00e8ncia)<br\/>Correu: comunicacio@ateneumusical.com<br\/>Tel\u00e8fon: 626 96 49 18<\/p>\n","protected":false},"excerpt":{"rendered":"<p>CULLERA, 06\/02\/2023 L\u2019Ateneo Musical de Cullera va organitzar el passat dissabte 4 de febrer una classe magistral de t\u00e8cnica vocal, amb Tanya Dur\u00e1n Gil com a soprano i Llu\u00eds Mart\u00ednez-Agudo com a baix-bar\u00edton. Esta iniciativa va ser tot un \u00e8xit, ja que fins a 36 alumnes van acudir el dissabte al Musical per atendre a [&hellip;]<\/p>\n","protected":false},"author":17,"featured_media":61699,"comment_status":"open","ping_status":"closed","sticky":false,"template":"","format":"standard","meta":{"footnotes":""},"categories":[56],"tags":[],"class_list":["post-62018","post","type-post","status-publish","format-standard","has-post-thumbnail","hentry","category-societats-musicals"],"_links":{"self":[{"href":"https:\/\/fsmcv.org\/vl\/wp-json\/wp\/v2\/posts\/62018","targetHints":{"allow":["GET"]}}],"collection":[{"href":"https:\/\/fsmcv.org\/vl\/wp-json\/wp\/v2\/posts"}],"about":[{"href":"https:\/\/fsmcv.org\/vl\/wp-json\/wp\/v2\/types\/post"}],"author":[{"embeddable":true,"href":"https:\/\/fsmcv.org\/vl\/wp-json\/wp\/v2\/users\/17"}],"replies":[{"embeddable":true,"href":"https:\/\/fsmcv.org\/vl\/wp-json\/wp\/v2\/comments?post=62018"}],"version-history":[{"count":0,"href":"https:\/\/fsmcv.org\/vl\/wp-json\/wp\/v2\/posts\/62018\/revisions"}],"wp:featuredmedia":[{"embeddable":true,"href":"https:\/\/fsmcv.org\/vl\/wp-json\/wp\/v2\/media\/61699"}],"wp:attachment":[{"href":"https:\/\/fsmcv.org\/vl\/wp-json\/wp\/v2\/media?parent=62018"}],"wp:term":[{"taxonomy":"category","embeddable":true,"href":"https:\/\/fsmcv.org\/vl\/wp-json\/wp\/v2\/categories?post=62018"},{"taxonomy":"post_tag","embeddable":true,"href":"https:\/\/fsmcv.org\/vl\/wp-json\/wp\/v2\/tags?post=62018"}],"curies":[{"name":"wp","href":"https:\/\/api.w.org\/{rel}","templated":true}]}}