{"id":62102,"date":"2023-02-07T15:59:31","date_gmt":"2023-02-07T14:59:31","guid":{"rendered":"https:\/\/fsmcv.org\/certamens\/el-music-valencia-marcos-ripoll-estrena-el-seu-concert-per-a-tuba-i-orquestra-amb-lorquestra-santa-cecilia-de-cullera-dirigida-per-carlos-garces\/"},"modified":"2023-02-07T16:23:43","modified_gmt":"2023-02-07T15:23:43","slug":"el-music-valencia-marcos-ripoll-estrena-el-seu-concert-per-a-tuba-i-orquestra-amb-lorquestra-santa-cecilia-de-cullera-dirigida-per-carlos-garces","status":"publish","type":"post","link":"https:\/\/fsmcv.org\/vl\/societats-musicals\/el-music-valencia-marcos-ripoll-estrena-el-seu-concert-per-a-tuba-i-orquestra-amb-lorquestra-santa-cecilia-de-cullera-dirigida-per-carlos-garces\/","title":{"rendered":"<strong>El m\u00fasic valenci\u00e0 Marcos Ripoll estrena el seu <em>Concert per a tuba i orquestra<\/em> amb l&#8217;Orquestra Santa Cecilia de Cullera dirigida per Carlos Garc\u00e9s<\/strong>"},"content":{"rendered":"\n<p><em>L&#8217;estrena es va realitzar aquest diumenge a l&#8217;Auditori Municipal de Cullera en el marc del cicle de Concerts d&#8217;Hivern 2022-2023<\/em><em><\/em><\/p>\n\n<p><em>El compositor nascut a Cullera tamb\u00e9 va ser l&#8217;int\u00e8rpret de l&#8217;obra que s&#8217;ha estrenat a nivell mundial i que \u00e9s la seua primera gran composici\u00f3<\/em><\/p>\n\n<p><em>Aquest Concert, editat per Musicvall, est\u00e0 incl\u00f2s en el tercer disc del solista titulat Endeavour<\/em><\/p>\n\n<p class=\"has-text-align-right\">Cullera, 7 de febrer de 2023<\/p>\n\n<p>El compositor valenci\u00e0 Marcos Ripoll ha estrenat aquest diumenge amb l&#8217;Orquestra de la Societat Musical Instructiva Santa Cecilia de Cullera el seu <em>Concert per a tuba i orquestra.<\/em> Sota la direcci\u00f3 del titular de la formaci\u00f3, Carlos Garc\u00e9s, Ripoll va ser tamb\u00e9 l&#8217;encarregat d&#8217;interpretar aquesta composici\u00f3 que forma part del seu tercer disc <em>Endeavour<\/em> i la creaci\u00f3 del qual respon al desig de l&#8217;autor de \u201ccontribuir a l&#8217;ampliaci\u00f3 del repertori de m\u00fasica per a tuba\u201d.<\/p>\n\n<p>L&#8217;estrena va tindre lloc a l&#8217;Auditori Municipal Jardins del Mercat, en el marc del cicle de Concerts d&#8217;Hivern, tenint un gran acolliment entre el p\u00fablic aix\u00ed com entre els m\u00fasics de l&#8217;Orquestra i el propi director. De fet es va crear tal expectaci\u00f3 que es van esgotar les localitats per a poder escoltar aquesta obra de gran dificultat de la qual cal destacar les virtuts l\u00edriques en els passatges que permetia lluir el so de l&#8217;instrument i tamb\u00e9 en les parts m\u00e9s virtuoses i r\u00e0pides.<\/p>\n\n<p>Aquesta \u00e9s la primera gran obra de Marcos Ripoll, que fins a aquest moment havia compost algunes peces menors, per la qual cosa aquesta estrena suposa un punt d&#8217;inflexi\u00f3 en la seua traject\u00f2ria professional, jalonada d&#8217;\u00e8xits com a int\u00e8rpret tant com solista com al costat d&#8217;orquestres i bandes de m\u00fasica.<\/p>\n\n<p>Admirador dels grans concerts per a orquestra i instrument solista de l&#8217;\u00e8poca rom\u00e0ntica aix\u00ed com dels compositors espanyols de finals del segle XIX, Marcos Ripoll confessa que des de la seua \u00e8poca d&#8217;estudiant ha trobat a faltar \u201cno tindre un concert rom\u00e0ntic per a tuba ja que desafortunadament per la nostra hist\u00f2ria, desenvolupament i evoluci\u00f3 de l&#8217;instrument (patentat en 1835) mai hem pogut gaudir d&#8217;aqueix repertori. Va haver de ser a partir de mediats del segle XX quan els compositors van comen\u00e7ar a dedicar les seues obres solistes a la tuba, sempre amb un llenguatge i t\u00e8cniques compositives m\u00e9s contempor\u00e0nies, amb el segell personal de cada autor. Davant aquest buit de repertori hist\u00f2ric toquem obres adaptades d&#8217;altres instruments per a estudiar, con\u00e9ixer i interpretar obres d&#8217;estils anteriors\u201d.<\/p>\n\n<p>Es tracta, per tant, d&#8217;un concert per a tuba i orquestra com en el segle XIX, amb un segell popular aportat per l&#8217;autor qui assegura que \u201c\u00e9s el concert que m&#8217;haguera agradat tindre en el repertori original de l&#8217;\u00e8poca\u201d.<\/p>\n\n<p>Despr\u00e9s de la seua estrena a Cullera, Marcos espera que l&#8217;obra es difonga entre els int\u00e8rprets d&#8217;aquest instrument i prompte puga escoltar-se de nou en escenaris de tota la geografia nacional i internacional. Per aix\u00f2, al costat de l&#8217;editorial Musicvall, ha iniciat una campanya de promoci\u00f3 i difusi\u00f3 per a acostar aquesta composici\u00f3 als seus col\u00b7legues *tubistas.<\/p>\n\n<p>Orquestrat amb el vent fusta a dues, amb dues trompes i timbales, el Concert s&#8217;estructura en tres moviments. En el primer destaca un primer tema basat en una can\u00e7\u00f3 de bressol valenci\u00e0 recollit en el llibre <em>Cancionero popular de la Valancia de los a\u00f1os 20<\/em> recopilat per Miguel Asins Arb\u00f3. En el segon apareix una melodia composta sobre la lletra del poema <em>El arpa<\/em> de Gustavo Adolfo B\u00e9cquer i en el Rond\u00f3 del tercer i \u00faltim moviment s&#8217;alternen els passatges virtuosos amb l\u00edrics, amb una coda final per a concloure el concert amb tota la for\u00e7a r\u00edtmic-musical possible.<\/p>\n\n<p><strong>Marcos Ripoll<\/strong><\/p>\n\n<p>Marcos Ripoll inicia els seus estudis musicals als 12 anys en l&#8217;SMI Santa Cecilia de Cullera.<br\/>A l&#8217;edat de 17 anys va debutar com a solista amb el concert per a tuba de R.V. Williams, amb un gran acolliment de per part del p\u00fablic i la cr\u00edtica. En la seua joventut coneix a Mel Culbertson, prestigi\u00f3s tubista americ\u00e0, amb qui va estudiar i li va unir una gran amistat.<\/p>\n\n<p>Com a solista cal destacar el concert realitzat a l&#8217;auditori de Saragossa (sala Mozart) interpretant el <em>Concierto para tuba y orquesta<\/em> de John Williams amb la Orquestra Filharm\u00f2nica de la Universitat de Val\u00e8ncia, aix\u00ed com els concerts i recitals realitzats als auditoris Pr\u00edncep Felip d&#8217;Oviedo, CM Llu\u00eds Vives de Val\u00e8ncia, Fundaci\u00f3 Marcelino Bot\u00edn a Santander, Teatre Amaia d&#8217;Irun, Caroli Kirka a Malm\u00f6 (Su\u00e8cia), Powell Recital Hall en Knoxville (USA), interpretant obres de Penderecki, Broughton, Kraft, Vaughan Williams, Strauss, Dumitru, Granados, Alb\u00e9niz i L\u00f3pez-Ch\u00e1varri entre altres.<\/p>\n\n<p>Titulat superior de tuba en el Conservatori Superior de M\u00fasica Salvador Segu\u00ed de Castell\u00f3 i llicenciat en l&#8217;especialitat de tuba en les reals escoles de m\u00fasica d&#8217;Anglaterra, (The Associated Board of Royal Schools of Music). Durant l&#8217;any acad\u00e8mic 1998-1999, es va traslladar al Conservatori de Perpignan (Fran\u00e7a), estudiant amb Mel Culbertson, on va ser guardonat amb la Medalla de Plata.<\/p>\n\n<p>Posseeix el Postgrau Mestre en An\u00e0lisi i Interpretaci\u00f3 Musical en la Universitat d&#8217;Oviedo i el Postgrau impartit en la Lund University Musikh\u00f6gskolan de Malm\u00f6 (Su\u00e8cia) en Tuba i interpretaci\u00f3 musical. Tots dos postgraus han sigut distingits amb les m\u00e9s altes qualificacions.<\/p>\n\n<p>En el disc de commemoraci\u00f3 del des\u00e9 aniversari de l&#8217;Orquestra Filharm\u00f2nica de la Universitat de Val\u00e8ncia inclou la interpretaci\u00f3 en viu del <em>Concierto para tuba y orquesta <\/em>de John Williams.<\/p>\n\n<p><strong>Discografia<\/strong><br\/>En 2012, amb el pianista Stefanos Spanopoulos, va presentar el seu primer treball discogr\u00e0fic com a solista <em>Mediterranean Tuba<\/em>, en el qual interpreta peces adaptades i arreglades per Marcos Ripoll per a tuba i piano. <em>Mediterranean Tuba<\/em> reuneix obres de compositors nascuts entorn de la mar Mediterr\u00e0nia com Alb\u00e9niz, L\u00f3pez-Ch\u00e1varri, Granados i T\u00e1rrega. El disc est\u00e0 editat i disponible en l&#8217;editorial Musicvall.<\/p>\n\n<p><br\/>El seu segon disc, llan\u00e7at en 201 amb el t\u00edtol <em>Contemporary classics for a lone tuba<\/em>, inclou algunes de les peces per a tuba sola m\u00e9s insignes i conegudes del repertori (Penderecki, Kraft, Stevens, Gregson, Koch, Spillman, Arnold, Persichetti) i dues composicions compostes expressament per a aquest projecte per D. Menent (<em>Espills ausents<\/em>) y R. Sancasto (<em>Ep\u00edtube<\/em>).<\/p>\n\n<p><em>Endeavour<\/em>, editat en 2021, \u00e9s el seu tercer treball discogr\u00e0fic. En ell recull els concerts m\u00e9s reconeguts per a la tuba acompanyada amb orquestra (R. V. Williams, E. Gregson, B. Broughton, A. Plog). A m\u00e9s, inclou la recuperaci\u00f3 i revisi\u00f3 del <em>Concierto Mediterr\u00e1neo para tuba<\/em> del compositor de Cullera Rafael Talens, aix\u00ed com el seu propi <em>Concierto para tuba y orquesta<\/em>, estrenat ara mundialment a Cullera.<\/p>\n\n<p><strong>M\u00e9s informaci\u00f3 y contacte:<\/strong><\/p>\n\n<p>Cristina Qu\u00edlez (premsa). Tel. 655 201507<\/p>\n\n<p>Marcos Ripoll. Tel. 636 374 888<\/p>\n\n<figure class=\"wp-block-image size-large\"><img decoding=\"async\" src=\"https:\/\/fsmcv.org\/wp-content\/uploads\/2023\/02\/Estreno-Concierto-Marcos-Ripoll-02.-Foto-Clara-Munoz..pn-g-1024x573.png\" alt=\"\" class=\"wp-image-62099\" title=\"\"><\/figure>","protected":false},"excerpt":{"rendered":"<p>L&#8217;estrena es va realitzar aquest diumenge a l&#8217;Auditori Municipal de Cullera en el marc del cicle de Concerts d&#8217;Hivern 2022-2023 El compositor nascut a Cullera tamb\u00e9 va ser l&#8217;int\u00e8rpret de l&#8217;obra que s&#8217;ha estrenat a nivell mundial i que \u00e9s la seua primera gran composici\u00f3 Aquest Concert, editat per Musicvall, est\u00e0 incl\u00f2s en el tercer [&hellip;]<\/p>\n","protected":false},"author":17,"featured_media":62098,"comment_status":"open","ping_status":"closed","sticky":false,"template":"","format":"standard","meta":{"footnotes":""},"categories":[56],"tags":[],"class_list":["post-62102","post","type-post","status-publish","format-standard","has-post-thumbnail","hentry","category-societats-musicals"],"_links":{"self":[{"href":"https:\/\/fsmcv.org\/vl\/wp-json\/wp\/v2\/posts\/62102","targetHints":{"allow":["GET"]}}],"collection":[{"href":"https:\/\/fsmcv.org\/vl\/wp-json\/wp\/v2\/posts"}],"about":[{"href":"https:\/\/fsmcv.org\/vl\/wp-json\/wp\/v2\/types\/post"}],"author":[{"embeddable":true,"href":"https:\/\/fsmcv.org\/vl\/wp-json\/wp\/v2\/users\/17"}],"replies":[{"embeddable":true,"href":"https:\/\/fsmcv.org\/vl\/wp-json\/wp\/v2\/comments?post=62102"}],"version-history":[{"count":0,"href":"https:\/\/fsmcv.org\/vl\/wp-json\/wp\/v2\/posts\/62102\/revisions"}],"wp:featuredmedia":[{"embeddable":true,"href":"https:\/\/fsmcv.org\/vl\/wp-json\/wp\/v2\/media\/62098"}],"wp:attachment":[{"href":"https:\/\/fsmcv.org\/vl\/wp-json\/wp\/v2\/media?parent=62102"}],"wp:term":[{"taxonomy":"category","embeddable":true,"href":"https:\/\/fsmcv.org\/vl\/wp-json\/wp\/v2\/categories?post=62102"},{"taxonomy":"post_tag","embeddable":true,"href":"https:\/\/fsmcv.org\/vl\/wp-json\/wp\/v2\/tags?post=62102"}],"curies":[{"name":"wp","href":"https:\/\/api.w.org\/{rel}","templated":true}]}}