{"id":62204,"date":"2023-02-13T13:34:10","date_gmt":"2023-02-13T12:34:10","guid":{"rendered":"https:\/\/fsmcv.org\/certamens\/la-banda-jove-de-lateneo-musical-de-cullera-interpreta-sis-primers-premis-del-i-concurs-de-composicio-internacional-emili-gimenez-bou\/"},"modified":"2023-02-13T13:39:10","modified_gmt":"2023-02-13T12:39:10","slug":"la-banda-jove-de-lateneo-musical-de-cullera-interpreta-sis-primers-premis-del-i-concurs-de-composicio-internacional-emili-gimenez-bou","status":"publish","type":"post","link":"https:\/\/fsmcv.org\/vl\/societats-musicals\/la-banda-jove-de-lateneo-musical-de-cullera-interpreta-sis-primers-premis-del-i-concurs-de-composicio-internacional-emili-gimenez-bou\/","title":{"rendered":"La Banda Jove de l&#8217;Ateneo Musical de Cullera interpreta sis primers premis del I Concurs de Composici\u00f3 Internacional Emili Gim\u00e9nez Bou"},"content":{"rendered":"\n<p class=\"has-text-align-right\">CULLERA, 12\/02\/2023<\/p>\n\n<p>La Banda Jove de la Societat Ateneo Musical de Cullera va interpretar el diumenge<br\/>12 de febrer fins a sis primers premis de la categoria &#8220;Obra per a Banda Juvenil&#8221;<br\/>del I Concurs de Composici\u00f3 Internacional Emili Gim\u00e9nez Bou.<\/p>\n\n<p>Les sis obres premiades s\u00f3n <em>La ciudad eterna<\/em> (Carlos Vall\u00e9s Donate), <em>Diantre, el <br\/>duende<\/em> (David Rivas)<em>, Da Vinci<\/em> (Felipe Vicente Manresa), <em>Roma invicta<\/em> (Ra\u00fal<br\/>Dom\u00e9nech Rubio), <em>La torre mora de Moixent<\/em> (Jos\u00e9 Lu\u00eds Peir\u00f3 Roig) i <em>Galiana<\/em><br\/>(\u00c1ngel L. Fern\u00e1ndez). Les dues \u00faltimes, a m\u00e9s, van ser guardonades amb una<br\/>menci\u00f3 d\u2019honor.<\/p>\n\n<p>Per completar el concert, la banda interpretar\u00e0 <em>The Happy Cyclist<\/em> (Ted Huggens),<br\/><em>Pepito Grillo<\/em>(Ferrer Ferran), amb Candela Cort\u00e9s Ponce com a clarinet solista<\/p>\n\n<p>Despr\u00e9s del descans entre les dues parts del concert, el president de l\u2019Ateneo,<br\/>Armand Calatayud, va fer entrega d\u2019una placa commemorativa a Jos\u00e9 Salmer\u00f3n<br\/>Alemany, director de la Banda Jove entre els anys 2019 i 2022, pels seus anys de dedicaci\u00f3<br\/>a c\u00e0rrec de l\u2019agrupaci\u00f3.<\/p>\n\n<p>Este concert entra dins la programaci\u00f3 del Cicle de Concerts d\u2019Hivern de<br\/>l\u2019Ajuntament de Cullera, on l\u2019Ateneo ha estrenat fins a 13 de les obres premiades al I Concurs de Composici\u00f3 Internacional Emili Gim\u00e9nez Bou.<\/p>\n\n<p class=\"has-text-align-right\">Societat Ateneo Musical de Cullera<br\/>Departament de comunicaci\u00f3<br\/>Direcci\u00f3: C\/ Ateneu Musical, 15 (46400, Cullera, Val\u00e8ncia)<br\/>Correu: comunicacio@ateneumusical.com<br\/>Tel\u00e8fon: 626 96 49 18<\/p>\n\n<figure class=\"wp-block-image size-full\"><img fetchpriority=\"high\" decoding=\"async\" width=\"320\" height=\"180\" src=\"https:\/\/fsmcv.org\/wp-content\/uploads\/2023\/02\/cullera-2.jpg\" alt=\"\" class=\"wp-image-62195\" title=\"\"><\/figure>\n<figure class=\"wp-block-image size-full\"><img decoding=\"async\" width=\"320\" height=\"180\" src=\"https:\/\/fsmcv.org\/wp-content\/uploads\/2023\/02\/Cullera-3.jpg\" alt=\"\" class=\"wp-image-62197\" title=\"\"><\/figure>\n<figure class=\"wp-block-image size-full\"><img decoding=\"async\" width=\"320\" height=\"180\" src=\"https:\/\/fsmcv.org\/wp-content\/uploads\/2023\/02\/Cullera-4.jpg\" alt=\"\" class=\"wp-image-62199\" title=\"\"><\/figure>\n<figure class=\"wp-block-image size-full\"><img loading=\"lazy\" decoding=\"async\" width=\"320\" height=\"180\" src=\"https:\/\/fsmcv.org\/wp-content\/uploads\/2023\/02\/Cullera-5.jpg\" alt=\"\" class=\"wp-image-62201\" title=\"\"><\/figure>","protected":false},"excerpt":{"rendered":"<p>CULLERA, 12\/02\/2023 La Banda Jove de la Societat Ateneo Musical de Cullera va interpretar el diumenge12 de febrer fins a sis primers premis de la categoria &#8220;Obra per a Banda Juvenil&#8221;del I Concurs de Composici\u00f3 Internacional Emili Gim\u00e9nez Bou. Les sis obres premiades s\u00f3n La ciudad eterna (Carlos Vall\u00e9s Donate), Diantre, el duende (David Rivas), [&hellip;]<\/p>\n","protected":false},"author":17,"featured_media":62194,"comment_status":"open","ping_status":"closed","sticky":false,"template":"","format":"standard","meta":{"footnotes":""},"categories":[56],"tags":[],"class_list":["post-62204","post","type-post","status-publish","format-standard","has-post-thumbnail","hentry","category-societats-musicals"],"_links":{"self":[{"href":"https:\/\/fsmcv.org\/vl\/wp-json\/wp\/v2\/posts\/62204","targetHints":{"allow":["GET"]}}],"collection":[{"href":"https:\/\/fsmcv.org\/vl\/wp-json\/wp\/v2\/posts"}],"about":[{"href":"https:\/\/fsmcv.org\/vl\/wp-json\/wp\/v2\/types\/post"}],"author":[{"embeddable":true,"href":"https:\/\/fsmcv.org\/vl\/wp-json\/wp\/v2\/users\/17"}],"replies":[{"embeddable":true,"href":"https:\/\/fsmcv.org\/vl\/wp-json\/wp\/v2\/comments?post=62204"}],"version-history":[{"count":0,"href":"https:\/\/fsmcv.org\/vl\/wp-json\/wp\/v2\/posts\/62204\/revisions"}],"wp:featuredmedia":[{"embeddable":true,"href":"https:\/\/fsmcv.org\/vl\/wp-json\/wp\/v2\/media\/62194"}],"wp:attachment":[{"href":"https:\/\/fsmcv.org\/vl\/wp-json\/wp\/v2\/media?parent=62204"}],"wp:term":[{"taxonomy":"category","embeddable":true,"href":"https:\/\/fsmcv.org\/vl\/wp-json\/wp\/v2\/categories?post=62204"},{"taxonomy":"post_tag","embeddable":true,"href":"https:\/\/fsmcv.org\/vl\/wp-json\/wp\/v2\/tags?post=62204"}],"curies":[{"name":"wp","href":"https:\/\/api.w.org\/{rel}","templated":true}]}}