{"id":62359,"date":"2023-02-20T14:01:51","date_gmt":"2023-02-20T13:01:51","guid":{"rendered":"https:\/\/fsmcv.org\/certamens\/lescola-de-musica-pepe-rafaela-de-benifairo-de-la-valldigna-estrena-cinestesia-un-cicle-formatiu-que-inclou-musica-literatura-i-cinema-impartit-per-lescriptor-i\/"},"modified":"2023-02-20T14:08:09","modified_gmt":"2023-02-20T13:08:09","slug":"lescola-de-musica-pepe-rafaela-de-benifairo-de-la-valldigna-estrena-cinestesia-un-cicle-formatiu-que-inclou-musica-literatura-i-cinema-impartit-per-lescriptor-i","status":"publish","type":"post","link":"https:\/\/fsmcv.org\/vl\/societats-musicals\/lescola-de-musica-pepe-rafaela-de-benifairo-de-la-valldigna-estrena-cinestesia-un-cicle-formatiu-que-inclou-musica-literatura-i-cinema-impartit-per-lescriptor-i\/","title":{"rendered":"L\u2019Escola de M\u00fasica \u2018Pepe Rafaela\u2019 de Benifair\u00f3 de la Valldigna estrena Cinest\u00e8sia, un cicle formatiu que inclou m\u00fasica, literatura i cinema, impartit per l\u2019escriptor i cineasta Antonio Dyaz"},"content":{"rendered":"\n<ul class=\"wp-block-list\">\n<li>L\u2019Escola de M\u00fasica \u2018Pepe Rafaela\u2019 \u00e9s la impulsora d\u2019aquesta sinergia, en col\u00b7laboraci\u00f3 amb CineVall, l\u2019escola de cine de la Valldigna.<\/li>\n\n\n\n<li>Mar\u00e7: Inici del Cicle Cinest\u00e8sia.<\/li>\n\n\n\n<li>Abril: S\u2019editar\u00e1 un llibre en Amazon amb els relats inspirats en les peces musicals.\n<ul class=\"wp-block-list\">\n<li>Maig: Es filmar\u00e0 un curtmetratge a partir del millor relat del llibre.<\/li>\n<\/ul>\n<\/li>\n<\/ul>\n\n<p><strong>La idea<\/strong><\/p>\n\n<p>A partir de l\u2019an\u00e0lisi musical de determinades peces simf\u00f2niques, es desenvolupar\u00e0 un taller literari per a construir relats inspirats en eixes obres. Despr\u00e9s se seleccionar\u00e0 un d\u2019aqueixos relats per a transformar-lo en un gui\u00f3 i filmar un curtmetratge buscant la sinest\u00e8sia, l\u2019encreuament de sentits. Darrere de cada pel\u00b7l\u00edcula batega un text, i la m\u00fasica participa de tot el proc\u00e9s.<\/p>\n\n<p class=\"has-text-align-center\">M\u00fasica \u2192 Literatura \u2192 Cine<\/p>\n\n<p>El Cicle tindr\u00e1 una duraci\u00f3 aproximada de 36 hores repartides en 4 mesos, des de mar\u00e7 a mitjan juny amb unes jornades finals (Harkonnen Festival) en el Monestir de Santa Maria de la Valldigna que inclouran concerts, lectures dramatitzades, projeccions i una taula redona amb la participaci\u00f3 dels alumnes, del p\u00fablic i d\u2019experts convidats.<\/p>\n\n<p>Es pret\u00e9n que tota la comarca de la Safor (Val\u00e8ncia), amb Gandia i Tavernes com a principals municipis, i altres localitats lim\u00edtrofes (Cullera, Alzira, etc.) puguen aportar alumnes per a aquesta singular iniciativa.<\/p>\n\n<figure class=\"wp-block-image size-large\"><img decoding=\"async\" src=\"https:\/\/fsmcv.org\/wp-content\/uploads\/2023\/02\/image-724x1024.png\" alt=\"\" class=\"wp-image-62351\" title=\"\"><\/figure>\n<p><strong>Dades pr\u00e0ctiques<\/strong><\/p>\n\n<p>L\u2019Escola de M\u00fasica \u2018Pepe Rafaela\u2019 es troba en el carrer Mestre Serrano, 10, en Benifair\u00f3 de la Valldigna. La URL del formulari d\u2019inscripci\u00f3 est\u00e0 disponible en <a href=\"http:\/\/linktr.ee\/empeperafaela\" target=\"_blank\" rel=\"noreferrer noopener\">linktr.ee\/empeperafaela<\/a>, i els dubtes s\u00f3n atesos mitjan\u00e7ant el correu electr\u00f2nic <a href=\"mailto:empeperafaela@gmail.com\" target=\"_blank\" rel=\"noreferrer noopener\">empeperafaela@gmail.com<\/a><\/p>\n\n<p>No es requereixen coneixements previs, les places s\u00f3n limitades i el proc\u00e9s d&#8217;inscripci\u00f3 \u00e9s continu: Qualsevol persona pot sumar-se al cicle en el moment que desitge.<\/p>\n\n<p><strong>El professor<\/strong><\/p>\n\n<p>Antonio Dyaz (Madrid, 1968) ha dirigit cinc llargmetratges i produ\u00eft una altra vintena, a m\u00e9s de publicar una quinzena de llibres, entre novel\u00b7les i assajos. Tamb\u00e9 ha composat la m\u00fasica original dels seus films i editat diversos discos de la seua banda de m\u00fasica electr\u00f2nica <em>El sue\u00f1o de Hyparco<\/em>, habitual en festivals especialitzats. Ha impartit cursos i tallers de cinema en llocs com la EICTV (Cuba), la Universitat de Santo Domingo (Rep\u00fablica Dominicana), la Universitat d&#8217;Edimburg o diversos centres a Espanya, com el Instituto de Cine Madrid, on \u00e9s professor convidat. A l&#8217;octubre de 2022 es va estrenar com a director teatral amb l&#8217;obra-concert \u201c<em>Balada de la c\u00e1rcel de Lucca<\/em>\u201d, sobre la figura del <em>jazzman<\/em> Chet Baker. \u00c9s membre de la Academia de Cine, i resideix en Benifair\u00f3 de la Valldigna des de 2018, des d&#8217;on dirigeix el seu projecte editorial Harkonnen Books.<\/p>\n\n<figure class=\"wp-block-image size-large\"><img fetchpriority=\"high\" decoding=\"async\" width=\"1219\" height=\"2048\" src=\"https:\/\/fsmcv.org\/wp-content\/uploads\/2023\/02\/image-1.png\" alt=\"\" class=\"wp-image-62354\" title=\"\" srcset=\"https:\/\/fsmcv.org\/wp-content\/uploads\/2023\/02\/image-1.png 1219w, https:\/\/fsmcv.org\/wp-content\/uploads\/2023\/02\/image-1-768x1290.png 768w, https:\/\/fsmcv.org\/wp-content\/uploads\/2023\/02\/image-1-914x1536.png 914w, https:\/\/fsmcv.org\/wp-content\/uploads\/2023\/02\/image-1-600x1008.png 600w\" sizes=\"(max-width: 1219px) 100vw, 1219px\" \/><\/figure>\n<p><strong>Reflexi\u00f3 final<\/strong><\/p>\n\n<p>Sovint les ofertes docents en l&#8217;\u00e0mbit cultural es mimetitzen, es reprodueixen i perden singularitat. \u00c9s el cas de la multitud de festivals de curtmetratges, tallers d&#8217;escriptura, classes magistrals en l&#8217;execuci\u00f3 d&#8217;algun instrument, etc. Cinest\u00e8sia pret\u00e9n diluir les fronteres entre el cinema, la m\u00fasica i la literatura. Perqu\u00e8 so, idea, paraula i imatge s\u00f3n cares del mateix poliedre.<\/p>\n\n<p>Les persones que gaudisquen d&#8217;aquest cicle podran estimular les seues capacitats, sensibilitats i gustos d&#8217;una manera fluida, sense compartiments tancats. Cinest\u00e8sia proposa l&#8217;estudi goj\u00f3s de peces musicals, la seua interpretaci\u00f3 metaliter\u00e0ria, la seua transformaci\u00f3 en relats amb<br\/>construccions dram\u00e0tiques i la ulterior metamorfosi en una pe\u00e7a audiovisual. I en tots aqueixos estadis, en els quals cada pe\u00e7a \u00e9s deutora de la precedent, per\u00f2 amb entitat pr\u00f2pia, s&#8217;obtindr\u00e0 un resultat tangible, com \u00e9s la pr\u00f2pia confecci\u00f3 d&#8217;un llibre, d&#8217;un gui\u00f3, d&#8217;un curtmetratge, o el gaudi d&#8217;un concert.<\/p>\n\n<p>Primer va ser la percussi\u00f3, despr\u00e9s els instruments d&#8217;os, seguint amb la narraci\u00f3 oral i continuant amb la pintura rupestre, la seua expressi\u00f3 visual. Trenta mil anys m\u00e9s tard es va inventar el cinema. No sabem qu\u00e8 ens ofereix el futur, per\u00f2 pot ser que haja arribat el moment de mesclar tot el que sabem en un cresol de creativitat. Aquest \u00e9s l&#8217;ambici\u00f3s objectiu de Cinest\u00e8sia.<\/p>\n","protected":false},"excerpt":{"rendered":"<p>La idea A partir de l\u2019an\u00e0lisi musical de determinades peces simf\u00f2niques, es desenvolupar\u00e0 un taller literari per a construir relats inspirats en eixes obres. Despr\u00e9s se seleccionar\u00e0 un d\u2019aqueixos relats per a transformar-lo en un gui\u00f3 i filmar un curtmetratge buscant la sinest\u00e8sia, l\u2019encreuament de sentits. Darrere de cada pel\u00b7l\u00edcula batega un text, i la [&hellip;]<\/p>\n","protected":false},"author":17,"featured_media":70912,"comment_status":"open","ping_status":"closed","sticky":false,"template":"","format":"standard","meta":{"footnotes":""},"categories":[234,56],"tags":[],"class_list":["post-62359","post","type-post","status-publish","format-standard","has-post-thumbnail","hentry","category-certamens","category-societats-musicals"],"_links":{"self":[{"href":"https:\/\/fsmcv.org\/vl\/wp-json\/wp\/v2\/posts\/62359","targetHints":{"allow":["GET"]}}],"collection":[{"href":"https:\/\/fsmcv.org\/vl\/wp-json\/wp\/v2\/posts"}],"about":[{"href":"https:\/\/fsmcv.org\/vl\/wp-json\/wp\/v2\/types\/post"}],"author":[{"embeddable":true,"href":"https:\/\/fsmcv.org\/vl\/wp-json\/wp\/v2\/users\/17"}],"replies":[{"embeddable":true,"href":"https:\/\/fsmcv.org\/vl\/wp-json\/wp\/v2\/comments?post=62359"}],"version-history":[{"count":0,"href":"https:\/\/fsmcv.org\/vl\/wp-json\/wp\/v2\/posts\/62359\/revisions"}],"wp:featuredmedia":[{"embeddable":true,"href":"https:\/\/fsmcv.org\/vl\/wp-json\/wp\/v2\/media\/70912"}],"wp:attachment":[{"href":"https:\/\/fsmcv.org\/vl\/wp-json\/wp\/v2\/media?parent=62359"}],"wp:term":[{"taxonomy":"category","embeddable":true,"href":"https:\/\/fsmcv.org\/vl\/wp-json\/wp\/v2\/categories?post=62359"},{"taxonomy":"post_tag","embeddable":true,"href":"https:\/\/fsmcv.org\/vl\/wp-json\/wp\/v2\/tags?post=62359"}],"curies":[{"name":"wp","href":"https:\/\/api.w.org\/{rel}","templated":true}]}}