{"id":6244,"date":"2017-10-10T16:47:27","date_gmt":"2017-10-10T14:47:27","guid":{"rendered":"https:\/\/fsmcv.org\/?post_type=fsmcv-noticias&#038;p=6244"},"modified":"2021-03-30T11:23:15","modified_gmt":"2021-03-30T09:23:15","slug":"pascual-vilaplana-director-invitado-suiza","status":"publish","type":"post","link":"https:\/\/fsmcv.org\/vl\/societats-musicals\/pascual-vilaplana-director-invitado-suiza\/","title":{"rendered":"Pascual-Vilaplana, director convidat a Su\u00efssa"},"content":{"rendered":"<p>El pr\u00f3xim diumenge 15 d&#8217;octubre, tindr\u00e0 lloc a la ciutat su\u00efssa de Mendrisio (Ticino), el <strong>Concert de Tardor de la Orchestra di Fiati de la Svizzera Italiana<\/strong> (<a href=\"http:\/\/www.ofsi.ch\/\" target=\"_blank\" rel=\"noopener noreferrer\">Orquestra de Vents de la Su\u00efssa Italiana<\/a>) per al qual han convidat com a director a <strong>Jos\u00e9 R. Pascual-Vilaplana<\/strong>.<\/p>\n<p>En el programa, dissenyat amb <strong>obres band\u00edstiques d&#8217;autors espanyols<\/strong>, s&#8217;escoltar\u00e0 m\u00fasica de Juan Cant\u00f3, Joaqu\u00edn Turina, Amando Blanquer, \u00d3scar Navarro, Rafael Mullor, Jos\u00e9 Miguel Fayos i del propi Pascual-Vilaplana. La cita tindr\u00e0 lloc a l&#8217;Auditori Mercato Coperto de Mendrisio.<\/p>\n<p>Vos deixem tamb\u00e9 un <a href=\"https:\/\/fsmcv.org\/BTnet-storage\/wp-uploads\/2017\/10\/entrevista-pascual-vilaplana.pdf\" target=\"_blank\" rel=\"noopener noreferrer\">enlla\u00e7 a l&#8217;entrevista<\/a> que la Revista UNISONO de l&#8217;<a href=\"http:\/\/www.windband.ch\/de\/home\/\" target=\"_blank\" rel=\"noopener noreferrer\">Associaci\u00f3 Su\u00efssa de Bandes<\/a> li ha realitzat a Jos\u00e9 R. Pascual-Vilaplana amb motiu de la seua participaci\u00f3 en el Concert de Tardor de l&#8217;Orquestra de Vents de la Su\u00efssa Italiana. L&#8217;entrevista pot llegir-se en alemany, franc\u00e8s i itali\u00e0.<\/p>\n","protected":false},"excerpt":{"rendered":"<p>Jos\u00e9 R. Pascual-Vilaplana dirigir\u00e0 diumenge que ve 15 d&#8217;octubre a la ciutat su\u00efssa de Mendrisio el Concert de Tardor de la Orchestra di Fiati de la Svizzera Italiana.<\/p>\n","protected":false},"author":2,"featured_media":0,"comment_status":"closed","ping_status":"closed","sticky":false,"template":"","format":"standard","meta":{"footnotes":""},"categories":[56],"tags":[],"class_list":["post-6244","post","type-post","status-publish","format-standard","hentry","category-societats-musicals"],"_links":{"self":[{"href":"https:\/\/fsmcv.org\/vl\/wp-json\/wp\/v2\/posts\/6244","targetHints":{"allow":["GET"]}}],"collection":[{"href":"https:\/\/fsmcv.org\/vl\/wp-json\/wp\/v2\/posts"}],"about":[{"href":"https:\/\/fsmcv.org\/vl\/wp-json\/wp\/v2\/types\/post"}],"author":[{"embeddable":true,"href":"https:\/\/fsmcv.org\/vl\/wp-json\/wp\/v2\/users\/2"}],"replies":[{"embeddable":true,"href":"https:\/\/fsmcv.org\/vl\/wp-json\/wp\/v2\/comments?post=6244"}],"version-history":[{"count":0,"href":"https:\/\/fsmcv.org\/vl\/wp-json\/wp\/v2\/posts\/6244\/revisions"}],"wp:attachment":[{"href":"https:\/\/fsmcv.org\/vl\/wp-json\/wp\/v2\/media?parent=6244"}],"wp:term":[{"taxonomy":"category","embeddable":true,"href":"https:\/\/fsmcv.org\/vl\/wp-json\/wp\/v2\/categories?post=6244"},{"taxonomy":"post_tag","embeddable":true,"href":"https:\/\/fsmcv.org\/vl\/wp-json\/wp\/v2\/tags?post=6244"}],"curies":[{"name":"wp","href":"https:\/\/api.w.org\/{rel}","templated":true}]}}