{"id":6250,"date":"2017-10-11T09:19:38","date_gmt":"2017-10-11T07:19:38","guid":{"rendered":"https:\/\/fsmcv.org\/?post_type=fsmcv-noticias&#038;p=6250"},"modified":"2021-03-30T10:25:27","modified_gmt":"2021-03-30T08:25:27","slug":"banda-simfonica-lira-castellonera-concert-commemoratiu-9-octubre","status":"publish","type":"post","link":"https:\/\/fsmcv.org\/vl\/societats-musicals\/banda-simfonica-lira-castellonera-concert-commemoratiu-9-octubre\/","title":{"rendered":"La Banda Simf\u00f2nica de la Lira Castellonera oferir\u00e0 un Concert Commemoratiu pel 9 d&#8217;octubre"},"content":{"rendered":"<p><strong>Vilanova de Castell\u00f3 acollir\u00e0 aquest cap de setmana el concert commemoratiu que la Lira Castellonera ha preparat pel 9 d&#8217;octubre dins de la campanya &#8220;Retrobem la nostra m\u00fasica&#8221;.<\/strong><\/p>\n<p>Concretament, el dissabte 14 d&#8217;octubre a les 19:30h a l&#8217;Auditori Municipal REX de Vilanova de Castell\u00f3 la Banda Simf\u00f2nica de la localitat dirigida per la seua directora, Beatriz Fern\u00e1ndez Aucejo, interpretar\u00e0 una selecci\u00f3 de peces de compositors valencians com ara Jos\u00e9 Manuel Izquierdo, Jos\u00e9 Serrano o Francisco Valor Llorens.<\/p>\n<p>La Lira ha volgut retre homenatge a un dels instruments m\u00e9s caracter\u00edstics de la tradici\u00f3 musical valenciana i que acompanya a moltes festes de carrer: la dol\u00e7aina. \u00c9s per aix\u00f2 que la segona part del concert comptar\u00e0 amb la participaci\u00f3 dels dol\u00e7ainers de la &#8220;Colla Mal Passet&#8221; de Concentaina, una entitat musical fundada el 1999 i que t\u00e9 com a cap de colla al dol\u00e7ainer Hip\u00f2lit Agull\u00f3, i com a director del grup el m\u00fasic i compositor contest\u00e0, Francisco Valor.<\/p>\n<p>Podeu descarregar el programa <a href=\"https:\/\/fsmcv.org\/BTnet-storage\/wp-uploads\/2017\/10\/pm-RETROBEM-2017-14-10-17.pdf\" target=\"_blank\" rel=\"noopener noreferrer\">ac\u00ed<\/a>.<\/p>\n","protected":false},"excerpt":{"rendered":"<p>Vilanova de Castell\u00f3 acollir\u00e0 aquest cap de setmana el concert commemoratiu que la Lira Castellonera ha preparat pel 9 d&#8217;octubre dins de la campanya &#8220;Retrobem la nostra m\u00fasica&#8221;. <\/p>\n","protected":false},"author":2,"featured_media":0,"comment_status":"closed","ping_status":"closed","sticky":false,"template":"","format":"standard","meta":{"footnotes":""},"categories":[56],"tags":[],"class_list":["post-6250","post","type-post","status-publish","format-standard","hentry","category-societats-musicals"],"_links":{"self":[{"href":"https:\/\/fsmcv.org\/vl\/wp-json\/wp\/v2\/posts\/6250","targetHints":{"allow":["GET"]}}],"collection":[{"href":"https:\/\/fsmcv.org\/vl\/wp-json\/wp\/v2\/posts"}],"about":[{"href":"https:\/\/fsmcv.org\/vl\/wp-json\/wp\/v2\/types\/post"}],"author":[{"embeddable":true,"href":"https:\/\/fsmcv.org\/vl\/wp-json\/wp\/v2\/users\/2"}],"replies":[{"embeddable":true,"href":"https:\/\/fsmcv.org\/vl\/wp-json\/wp\/v2\/comments?post=6250"}],"version-history":[{"count":0,"href":"https:\/\/fsmcv.org\/vl\/wp-json\/wp\/v2\/posts\/6250\/revisions"}],"wp:attachment":[{"href":"https:\/\/fsmcv.org\/vl\/wp-json\/wp\/v2\/media?parent=6250"}],"wp:term":[{"taxonomy":"category","embeddable":true,"href":"https:\/\/fsmcv.org\/vl\/wp-json\/wp\/v2\/categories?post=6250"},{"taxonomy":"post_tag","embeddable":true,"href":"https:\/\/fsmcv.org\/vl\/wp-json\/wp\/v2\/tags?post=6250"}],"curies":[{"name":"wp","href":"https:\/\/api.w.org\/{rel}","templated":true}]}}