{"id":6255,"date":"2017-10-11T11:54:37","date_gmt":"2017-10-11T09:54:37","guid":{"rendered":"https:\/\/fsmcv.org\/?post_type=fsmcv-noticias&#038;p=6255"},"modified":"2021-03-30T18:40:31","modified_gmt":"2021-03-30T16:40:31","slug":"lxxi-certamen-nacional-bandes-musica-ciutat-cullera-2018","status":"publish","type":"post","link":"https:\/\/fsmcv.org\/vl\/certamens\/lxxi-certamen-nacional-bandes-musica-ciutat-cullera-2018\/","title":{"rendered":"LXXI Certamen Nacional de Bandes de M\u00fasica &#8220;Ciutat de Cullera&#8221; 2018"},"content":{"rendered":"<p>L&#8217;<strong>Ajuntament de Cullera<\/strong> celebra des de fa 70 anys el tradicional <strong>Certamen Nacional de Bandes de M\u00fasica &#8220;Ciutat de Cullera&#8221;<\/strong>, el m\u00e9s antic amb car\u00e0cter nacional a Espanya, i amb la finalitat de fomentar i difondre la m\u00fasica band\u00edstica com a part fonamental del nostre patrimoni cultural.<\/p>\n<p>En aquest marc, l&#8217;Ajuntament de Cullera ha fixat les bases per les quals es regir\u00e0 en 2018 en la seua <strong>71a edici\u00f3<\/strong> en r\u00e8gim de concurr\u00e8ncia competitiva, d&#8217;acord amb l&#8217;establit a l&#8217;article 17 de la Llei 38\/2003, de 17 de novembre, General de Subvencions.<\/p>\n<p>El certamen es celebrar\u00e0 el <strong>diumenge 8 d&#8217;abril a l&#8217;Auditori Municipal<\/strong> de la localitat costanera.<\/p>\n<h4>Inscripci\u00f3 i terminis<\/h4>\n<p>El termini de presentaci\u00f3 d&#8217;inscripcions comprendr\u00e0 des de l&#8217;endem\u00e0 a la publicaci\u00f3 de l&#8217;extracte de la convocat\u00f2ria en el Butllet\u00ed Oficial de la Prov\u00edncia de Val\u00e8ncia fins al <strong>divendres 17 de novembre de 2017<\/strong> inclusivament, reservant-se l&#8217;Ajuntament la facultat de prorrogar aquest per\u00edode si ho considera oport\u00fa.<\/p>\n<p>Les sol\u00b7licituds es remetran a la Regidoria d&#8217;Activitats Musicals de l&#8217;Ajuntament de Cullera en la seg\u00fcent adre\u00e7a: Casa de la Cultura, C\/ La Bega,14 -46400- Cullera, tel\u00e8fons: 961724616 \/ 961725807 \/ 663007384. Tamb\u00e9 podran remetre&#8217;s per e-mail: <a href=\"mailto:casacultura@cullera.es\">casacultura@cullera.es<\/a> o presentar-se en els llocs previstos a l&#8217;article 16.4 de la Llei 39\/2015, d&#8217;1 d&#8217;octubre, de Procediment Administratiu Com\u00fa.<\/p>\n<p>Hauran d&#8217;estar convenientment emplenades i signades pels representants legals de cada entitat musical. Si alguna banda depenguera del seu ajuntament, ser\u00e0 necessari que la sol\u00b7licitud la signe l&#8217;alcalde corresponent a fi de donar la seua conformitat.<\/p>\n<p>Durant el per\u00edode d&#8217;inscripci\u00f3 la Regidoria d&#8217;Activitats Musicals posar\u00e0 a la disposici\u00f3 de les bandes l&#8217;obra obligada del certamen per a la seua consulta.<\/p>\n<h4>Bandes participants<\/h4>\n<p>Podran participar en aquest certamen les bandes de m\u00fasica no professionals, \u00e9s a dir, no podran participar les bandes de m\u00fasica pertanyents a Conservatoris o Escoles de M\u00fasica professionals i aquelles bandes de m\u00fasica agrupades puntualment per a concursar. En cas de requeriment per part del Comit\u00e8 Organitzador haur\u00e0 d&#8217;acreditar-se el seu car\u00e0cter no professional mitjan\u00e7ant declaraci\u00f3 jurada subscrita pel representant de la societat musical.<\/p>\n<p>El nombre m\u00e0xim de bandes participants en aquest certamen ser\u00e0 de tres per sorteig realitzat a aquest efecte entre les quals s&#8217;hagen inscrit si superen aquest nombre. En el cas que hi haguera m\u00e9s inscrites en aquesta edici\u00f3 quedar\u00e0 una quarta pla\u00e7a en reserva amb prefer\u00e8ncia de participaci\u00f3 en la seg\u00fcent convocat\u00f2ria del certamen, pla\u00e7a que s&#8217;adjudicar\u00e0 mitjan\u00e7ant sorteig entre les mateixes.<\/p>\n<p>La plantilla de les bandes participants haur\u00e0 de ser <strong>entre 80 i 90 m\u00fasics<\/strong> (inclosos fins a sis int\u00e8rprets aliens a la mateixa i els instruments de corda, violoncels i contrabaixos, que es requerisquen). Cada societat musical haur\u00e0 de presentar un certificat de la seua federaci\u00f3 corresponent, si existeix, amb la relaci\u00f3 de m\u00fasics que t\u00e9 federats amb dos mesos d&#8217;antelaci\u00f3 com a m\u00ednim a la data del certamen, i posteriorment el llistat propi dels quals van a actuar eixe dia per a ser acarats en el control de m\u00fasics.<\/p>\n<h4>Ordre i obres a interpretrar<\/h4>\n<p>El sorteig de participaci\u00f3 seguit del d&#8217;actuaci\u00f3 de les bandes al certamen tindr\u00e0 lloc el <strong>dissabte 16 de desembre de 2017 a les 12 hores a la Casa de la Cultura<\/strong> (C\/ La Bega, 14) en pres\u00e8ncia dels representants de les mateixes. Despr\u00e9s del mateix s&#8217;explicaren a les bandes participants temes relacionats amb l&#8217;organitzaci\u00f3 i desenvolupament del certamen el dia de la seua celebraci\u00f3.<\/p>\n<p>El dia del certamen cada banda interpretar\u00e0<strong> en primer lloc un pasdoble sobre l&#8217;escenari que no ser\u00e0 puntuat,<\/strong> amb una durada limitada a un m\u00e0xim de <strong>(4) quatre minuts<\/strong>.<\/p>\n<p>Seguidament interpretaren en primer lloc l&#8217;<strong>obra obligada<\/strong> d&#8217;aquesta LXXI edici\u00f3 del certamen, <strong>\u201cGALLURANA\u201d d&#8217;Andr\u00e9s Valero Castells<\/strong>, i a continuaci\u00f3 la de <strong>lliure elecci\u00f3<\/strong> que podr\u00e0 tindre una durada entre 18 i 25 minuts, podent ser penalitzada en la puntuaci\u00f3 final pel tribunal qualificador si no est\u00e0 dins d&#8217;aquesta franja.<\/p>\n<p>Amb la finalitat d&#8217;evitar que m\u00e9s d&#8217;una banda coincidisca en l&#8217;Obra de Lliure Elecci\u00f3, <strong>tindr\u00e0 prefer\u00e8ncia aquella banda que primer s&#8217;haja inscrit<\/strong>, i l&#8217;organitzaci\u00f3 comunicara a la banda que coincidisca que haur\u00e0 de canviar necess\u00e0riament l&#8217;obra lliure triada.<\/p>\n<h4>Desenvolupament del Certamen<\/h4>\n<p>El Certamen es realitzar\u00e0 el <strong>diumenge 8 d&#8217;abril de 2018<\/strong> a l&#8217;Auditori Municipal de Cullera i constar\u00e0 de <strong>dues audicions<\/strong>, estant precedides ambdues per la <strong>desfilada de les bandes<\/strong> participants en cadascuna d&#8217;elles en la qual hauran d&#8217;interpretar un <strong>pasdoble de lliure elecci\u00f3<\/strong>.<\/p>\n<p>&#8211; <em>Mat\u00ed<\/em>: Desfilada a les 11h i Audici\u00f3 a les 11:30 hores<br \/>\n&#8211; <em>Vesprada<\/em>: Desfilada a les 17 hores i Audici\u00f3 a les 17:30 hores<\/p>\n<h4>Tribunal qualificador<\/h4>\n<p>La composici\u00f3 del tribunal designat per Resoluci\u00f3 de la Tinent d&#8217;Alcalde Delegada d&#8217;Activitats Musicals ser\u00e0 la seg\u00fcent: 3 personalitats de reconegut prestigi en el m\u00f3n de la m\u00fasica amb dret a veu i vot i decisi\u00f3 inapel\u00b7lable entre les quals estar\u00e0 l&#8217;autor de l&#8217;obra obligada del certamen que ser\u00e0 el seu president, assistit per un funcionari de l&#8217;Ajuntament en qualitat de Secretari.<\/p>\n<h4>Subvencions i Premis<\/h4>\n<p>A cada banda participant en el certamen se li concedir\u00e0 una subvenci\u00f3 econ\u00f2mica de 4.000 euros una vegada efectuada la seua participaci\u00f3.<\/p>\n<p>S&#8217;estableixen els seg\u00fcents premis:<\/p>\n<p><em>Audici\u00f3 del Certamen:<\/em><\/p>\n<p>PRIMER PREMI I PREMI \u00daNIC ESPECIAL DEL JURAT 6.000 euros<br \/>\nSEGON PREMI 3.000 euros<br \/>\nTERCER PREMI 2.000 euros<\/p>\n<p><em>Desfilada:<\/em><\/p>\n<p>PREMI \u00daNIC ESPECIAL DEL JURAT 1.000 euros<\/p>\n<p>Si el Jurat ho considera oport\u00fa podr\u00e0 atorgar tamb\u00e9 un Premi Honor\u00edfic al millor Director del Certamen amb una dotaci\u00f3 econ\u00f2mica de 600 euros i diploma acreditatiu.<\/p>\n<h4>Enviament de documentaci\u00f3<\/h4>\n<p>Les bandes que finalment participen hauran d&#8217;enviar a l&#8217;organitzaci\u00f3 la seg\u00fcent documentaci\u00f3:<\/p>\n<p>&#8211; <em>Abans del 15 de gener de 2018:<\/em> Historial de la banda i curriculum del director, en format digital (document word), una fotografia de cada i el logo \/ escut de la banda en alta resoluci\u00f3.<br \/>\n&#8211; <em>Abans del 8 de febrer de 2018<\/em>: Relaci\u00f3 certificada dels m\u00fasics participants al fet que es refereix l&#8217;apartat 6 de la present convocat\u00f2ria, declaraci\u00f3 responsable signada, c\u00f2pia del CIF de la societat musical i annex II emplenat.<br \/>\n&#8211; <em>Abans de l&#8217;1 de mar\u00e7 de 2018<\/em>: Quatre exemplars originals de la partitura de l&#8217;obra de lliure elecci\u00f3 (gui\u00f3 del director) \u2013dels quals un quedar\u00e0 en poder de l&#8217;organitzaci\u00f3 del certamen per a arxiu\u2013, i un del pasdoble de la desfilada. En el sup\u00f2sit de transcripci\u00f3 d&#8217;una obra musical s&#8217;haur\u00e0 d&#8217;acompanyar el document acreditatiu de la corresponent autoritzaci\u00f3 del titular dels drets d&#8217;autor de l&#8217;obra original.<\/p>\n<h4>Arxius<\/h4>\n<p><a href=\"https:\/\/fsmcv.org\/BTnet-storage\/wp-uploads\/2017\/10\/Bases-LXXI-Certamen-Cullera.pdf\" target=\"_blank\" rel=\"noopener noreferrer\">Bases del Certamen<\/a><\/p>\n<p><a href=\"https:\/\/fsmcv.org\/BTnet-storage\/wp-uploads\/2017\/10\/Inscripcion-LXXI-Certamen-Cullera.pdf\" target=\"_blank\" rel=\"noopener noreferrer\">Document d&#8217;inscripci\u00f3<\/a><\/p>\n","protected":false},"excerpt":{"rendered":"<p>L&#8217;Ajuntament de Cullera celebra des de fa 70 anys el tradicional Certamen Nacional de Bandes de M\u00fasica &#8220;Ciutat de Cullera&#8221;, el m\u00e9s antic amb car\u00e0cter nacional a Espanya, i amb la finalitat de fomentar i difondre la m\u00fasica band\u00edstica com a part fonamental del nostre patrimoni cultural. En aquest marc, l&#8217;Ajuntament de Cullera ha fixat [&hellip;]<\/p>\n","protected":false},"author":2,"featured_media":0,"comment_status":"closed","ping_status":"closed","sticky":false,"template":"","format":"standard","meta":{"footnotes":""},"categories":[234],"tags":[],"class_list":["post-6255","post","type-post","status-publish","format-standard","hentry","category-certamens"],"_links":{"self":[{"href":"https:\/\/fsmcv.org\/vl\/wp-json\/wp\/v2\/posts\/6255","targetHints":{"allow":["GET"]}}],"collection":[{"href":"https:\/\/fsmcv.org\/vl\/wp-json\/wp\/v2\/posts"}],"about":[{"href":"https:\/\/fsmcv.org\/vl\/wp-json\/wp\/v2\/types\/post"}],"author":[{"embeddable":true,"href":"https:\/\/fsmcv.org\/vl\/wp-json\/wp\/v2\/users\/2"}],"replies":[{"embeddable":true,"href":"https:\/\/fsmcv.org\/vl\/wp-json\/wp\/v2\/comments?post=6255"}],"version-history":[{"count":0,"href":"https:\/\/fsmcv.org\/vl\/wp-json\/wp\/v2\/posts\/6255\/revisions"}],"wp:attachment":[{"href":"https:\/\/fsmcv.org\/vl\/wp-json\/wp\/v2\/media?parent=6255"}],"wp:term":[{"taxonomy":"category","embeddable":true,"href":"https:\/\/fsmcv.org\/vl\/wp-json\/wp\/v2\/categories?post=6255"},{"taxonomy":"post_tag","embeddable":true,"href":"https:\/\/fsmcv.org\/vl\/wp-json\/wp\/v2\/tags?post=6255"}],"curies":[{"name":"wp","href":"https:\/\/api.w.org\/{rel}","templated":true}]}}