{"id":62624,"date":"2023-02-24T10:36:50","date_gmt":"2023-02-24T09:36:50","guid":{"rendered":"https:\/\/fsmcv.org\/?p=62624"},"modified":"2023-02-24T10:55:02","modified_gmt":"2023-02-24T09:55:02","slug":"convocatoria-vi-concurs-de-composicio-de-musica-festera-de-mutxamel","status":"publish","type":"post","link":"https:\/\/fsmcv.org\/vl\/convocatories-publiques\/convocatoria-vi-concurs-de-composicio-de-musica-festera-de-mutxamel\/","title":{"rendered":"CONVOCAT\u00d2RIA VI CONCURS DE COMPOSICI\u00d3 DE M\u00daSICA FESTERA DE MUTXAMEL"},"content":{"rendered":"\n<p><a href=\"https:\/\/drive.google.com\/drive\/folders\/1nLCSoSjtnGgaZG1HKYggCzww9HQNZD21?usp=share_link\" target=\"_blank\" rel=\"noreferrer noopener\">EDICTE + BASES + DOCUMENTS ADJUNTS<\/a><\/p>\n\n<p><strong>OBJECTE DE LA CONVOCAT\u00d2RIA<\/strong><br\/>Celebraci\u00f3 del VI Concurs de Composici\u00f3 de M\u00fasica Festera de Mutxamel per a l&#8217;anualitat 2023.<\/p>\n\n<p><strong>IMPORT DELS PREMIS A ATORGAR<\/strong><br\/>S&#8217;estableixen tres premis:<br\/>Obra guanyadora: un premi de 2.000.- \u20ac, que no podr\u00e0 ser compartit i estar\u00e0 subjecte a la retenci\u00f3 que establisca la normativa fiscal aplicable.<br\/>1r esment especial: un premi de 250.- \u20ac, que no podr\u00e0 ser compartit i estar\u00e0 subjecte a la retenci\u00f3 que establisca la normativa fiscal aplicable.<br\/>2n esment especial: un premi de 250.- \u20ac, que no podr\u00e0 ser compartit i estar\u00e0 subjecte a la retenci\u00f3 que establisca la normativa fiscal aplicable.<\/p>\n\n<p><strong>REQUISITS QUE HAURAN DE COMPLIR ELS PARTICIPANTS<\/strong><\/p>\n\n<p>Podran prendre part en aquest Concurs totes aquelles persones que ho desitgen, cada participant pot presentar al concurs una sola obra, sempre que complisquen els seg\u00fcents requisits:<br\/>\u2212 Ser una marxa cristiana.<br\/>\u2212 Ser original de l&#8217;autor que la presenta, no podent ser c\u00f2pia ni modificaci\u00f3 total o parcial de cap altra obra pr\u00f2pia o aliena<br\/>\u2212 Ser in\u00e8dites.<br\/>\u2212 No haver sigut interpretades amb anterioritat a la fallada del concurs.<\/p>\n\n<p><strong>FORMA, TERMINI I LLOC PER A la PRESENTACI\u00d3 DE LA SOL\u00b7LICITUD<\/strong><br\/>La inscripci\u00f3 (que ha d&#8217;anar fora del sobre tancat) per a participar en la convocat\u00f2ria haur\u00e0 de dirigir-se a la Casa de Cultura de l&#8217;Ajuntament de Mutxamel, situada en la C\/ Passeig de la Festa s\/n de dilluns a divendres de 09:00h a 14:00h i de 17:00h a 22:00h, 03110- Mutxamel, Alacant o en la forma i llocs indicats en la Llei 39\/2015, d&#8217;1 d&#8217;octubre, del Procediment Administratiu Com\u00fa de les Administracions P\u00fabliques.<br\/>El termini d&#8217;admissi\u00f3 d&#8217;originals finalitzar\u00e0 el dia 26 de maig de 2023.<br\/>Per a facilitar la inscripci\u00f3 al Concurs es publicar\u00e0 la convocat\u00f2ria juntament amb el model d&#8217;inscripci\u00f3 i la fitxa d&#8217;alta a tercers en la web de l&#8217;ajuntament.<\/p>\n","protected":false},"excerpt":{"rendered":"<p>EDICTE + BASES + DOCUMENTS ADJUNTS OBJECTE DE LA CONVOCAT\u00d2RIACelebraci\u00f3 del VI Concurs de Composici\u00f3 de M\u00fasica Festera de Mutxamel per a l&#8217;anualitat 2023. IMPORT DELS PREMIS A ATORGARS&#8217;estableixen tres premis:Obra guanyadora: un premi de 2.000.- \u20ac, que no podr\u00e0 ser compartit i estar\u00e0 subjecte a la retenci\u00f3 que establisca la normativa fiscal aplicable.1r esment [&hellip;]<\/p>\n","protected":false},"author":17,"featured_media":62622,"comment_status":"open","ping_status":"closed","sticky":false,"template":"","format":"standard","meta":{"footnotes":""},"categories":[45],"tags":[],"class_list":["post-62624","post","type-post","status-publish","format-standard","has-post-thumbnail","hentry","category-convocatories-publiques"],"_links":{"self":[{"href":"https:\/\/fsmcv.org\/vl\/wp-json\/wp\/v2\/posts\/62624","targetHints":{"allow":["GET"]}}],"collection":[{"href":"https:\/\/fsmcv.org\/vl\/wp-json\/wp\/v2\/posts"}],"about":[{"href":"https:\/\/fsmcv.org\/vl\/wp-json\/wp\/v2\/types\/post"}],"author":[{"embeddable":true,"href":"https:\/\/fsmcv.org\/vl\/wp-json\/wp\/v2\/users\/17"}],"replies":[{"embeddable":true,"href":"https:\/\/fsmcv.org\/vl\/wp-json\/wp\/v2\/comments?post=62624"}],"version-history":[{"count":0,"href":"https:\/\/fsmcv.org\/vl\/wp-json\/wp\/v2\/posts\/62624\/revisions"}],"wp:featuredmedia":[{"embeddable":true,"href":"https:\/\/fsmcv.org\/vl\/wp-json\/wp\/v2\/media\/62622"}],"wp:attachment":[{"href":"https:\/\/fsmcv.org\/vl\/wp-json\/wp\/v2\/media?parent=62624"}],"wp:term":[{"taxonomy":"category","embeddable":true,"href":"https:\/\/fsmcv.org\/vl\/wp-json\/wp\/v2\/categories?post=62624"},{"taxonomy":"post_tag","embeddable":true,"href":"https:\/\/fsmcv.org\/vl\/wp-json\/wp\/v2\/tags?post=62624"}],"curies":[{"name":"wp","href":"https:\/\/api.w.org\/{rel}","templated":true}]}}