{"id":6289,"date":"2017-10-17T09:58:54","date_gmt":"2017-10-17T07:58:54","guid":{"rendered":"https:\/\/fsmcv.org\/?post_type=fsmcv-noticias&#038;p=6289"},"modified":"2021-03-30T09:41:24","modified_gmt":"2021-03-30T07:41:24","slug":"i-olimpiada-ssmm-horta-nord","status":"publish","type":"post","link":"https:\/\/fsmcv.org\/vl\/societats-musicals\/i-olimpiada-ssmm-horta-nord\/","title":{"rendered":"I Olimp\u00edada SSMM Horta Nord"},"content":{"rendered":"<p>La Federaci\u00f3 de Societats Musicals de la Comarca de l\u2019Horta Nord presenta una iniciativa innovadora dins del seu programa d\u2019activitats comarcals: la I Olimp\u00edada de Societats Musicals de l\u2019Horta Nord, que tindr\u00e0 lloc el diumenge 22 d\u2019octubre al Col\u00b7legi \u201cSagrado Coraz\u00f3n\u201d de Godella des de les 9:30 fins les 19:00h.<\/p>\n<p>Al llarg de la jornada s&#8217;establiran diverses activitats:<\/p>\n<p>&#8211; Recepci\u00f3 acreditaci\u00f3 de Societats Musicals: Col\u00b7legi Sagrat Cor de Godella (9:30h)<\/p>\n<p>&#8211; Activitats esportives:<\/p>\n<p>Carrera popular (10:00h a 11:00h) Carrera pel poble de Godella de 5 km. Per tal d&#8217;impulsar una major participaci\u00f3 de la gent, es proposar\u00e0 un model alternatiu de participaci\u00f3 anomenat \u201ccaminadora\u201d, on es far\u00e0 el recorregut caminant.<\/p>\n<p>Futbol sala 5&#215;5 (11:00 h a 14:30 h).<\/p>\n<p>Basket 3&#215;3 (11:00 h a 14:30 h).<\/p>\n<p><em>Els vestidors disposen de dutxa <\/em><\/p>\n<p>&#8211; Activitats l\u00fadiques, jocs infantils i unflables:(10:00h a 14:30h)<\/p>\n<p>&#8211; Jocs de taula: parx\u00eds, truc i d\u00f2mino (tot el dia)<\/p>\n<p>&#8211; Dinar (15:00h)<\/p>\n<p>&#8211; Entrega trofeus (16:00h)<\/p>\n<p>&#8211; Ball (17:00h a 19:00h)<\/p>\n<p><strong><em>Cada participante colaborar\u00e1 con un kilo de comida que ser\u00e1 donado a C\u00e1ritas<\/em><\/strong><\/p>\n<p>Poden participar en esta jornada de conviv\u00e8ncia totes les persones que formen part de les societats musicals (m\u00fasics, directius, familiars..). Per tant, no hi ha cap restricci\u00f3 per a participar en este esdeveniment.<\/p>\n<p>El preu per persona inscrita es de 5\u20ac. Ac\u00ed s\u2019inclou la participaci\u00f3 en les diferents activitats propostes, entrega de camiseta commemorativa i plat de paella i beguda per a dinar.<\/p>\n","protected":false},"excerpt":{"rendered":"<p>La I Olimp\u00edada de Societats Musicals de l\u2019Horta Nord tindr\u00e0 lloc el diumenge 22 d\u2019octubre al Col\u00b7legi \u201cSagrado Coraz\u00f3n\u201d de Godella des de les 9:30 fins les 19:00h.<\/p>\n","protected":false},"author":2,"featured_media":0,"comment_status":"closed","ping_status":"closed","sticky":false,"template":"","format":"standard","meta":{"footnotes":""},"categories":[56],"tags":[],"class_list":["post-6289","post","type-post","status-publish","format-standard","hentry","category-societats-musicals"],"_links":{"self":[{"href":"https:\/\/fsmcv.org\/vl\/wp-json\/wp\/v2\/posts\/6289","targetHints":{"allow":["GET"]}}],"collection":[{"href":"https:\/\/fsmcv.org\/vl\/wp-json\/wp\/v2\/posts"}],"about":[{"href":"https:\/\/fsmcv.org\/vl\/wp-json\/wp\/v2\/types\/post"}],"author":[{"embeddable":true,"href":"https:\/\/fsmcv.org\/vl\/wp-json\/wp\/v2\/users\/2"}],"replies":[{"embeddable":true,"href":"https:\/\/fsmcv.org\/vl\/wp-json\/wp\/v2\/comments?post=6289"}],"version-history":[{"count":0,"href":"https:\/\/fsmcv.org\/vl\/wp-json\/wp\/v2\/posts\/6289\/revisions"}],"wp:attachment":[{"href":"https:\/\/fsmcv.org\/vl\/wp-json\/wp\/v2\/media?parent=6289"}],"wp:term":[{"taxonomy":"category","embeddable":true,"href":"https:\/\/fsmcv.org\/vl\/wp-json\/wp\/v2\/categories?post=6289"},{"taxonomy":"post_tag","embeddable":true,"href":"https:\/\/fsmcv.org\/vl\/wp-json\/wp\/v2\/tags?post=6289"}],"curies":[{"name":"wp","href":"https:\/\/api.w.org\/{rel}","templated":true}]}}