{"id":63003,"date":"2023-04-03T16:00:00","date_gmt":"2023-04-03T14:00:00","guid":{"rendered":"https:\/\/fsmcv.org\/certamens\/la-unio-musical-dalbaida-convoca-el-v-concurs-de-composicio-de-pasdobles-fernando-tormo-ibanez\/"},"modified":"2023-04-03T16:00:16","modified_gmt":"2023-04-03T14:00:16","slug":"la-unio-musical-dalbaida-convoca-el-v-concurs-de-composicio-de-pasdobles-fernando-tormo-ibanez","status":"publish","type":"post","link":"https:\/\/fsmcv.org\/vl\/societats-musicals\/la-unio-musical-dalbaida-convoca-el-v-concurs-de-composicio-de-pasdobles-fernando-tormo-ibanez\/","title":{"rendered":"La Uni\u00f3 Musical d\u2019Albaida, convoca el V CONCURS DE COMPOSICI\u00d3 DE PASDOBLES FERNANDO TORMO IB\u00c1\u00d1EZ."},"content":{"rendered":"\n<p><strong>OBJETIU<\/strong><\/p>\n\n<p>Fomentar i enriquir el patrimoni musical i cultural de les bandes de m\u00fasica i tamb\u00e9 difondre l\u2019estil musical i la figura de l\u2019il\u00b7lustre compositor albaid\u00ed Fernando Tormo, director de la banda d\u2019aquesta societat entre 1951 i 1953.<\/p>\n\n<p><strong>BASES<\/strong><\/p>\n\n<p><strong>Primera:<\/strong><\/p>\n\n<p>Hi podran participar compositors de qualsevol nacionalitat, sense l\u00edmit d\u2019edat.<\/p>\n\n<p><strong>Segunda:<\/strong><br \/>Les composicions han de ser originals, ent\u00e9s que si la partitura d\u2019alguna d\u2019aquestes ha sigut interpretada, editada o b\u00e9 premiada en un altre concurs, la participaci\u00f3 en aquest quedaria anul\u00b7lada i sense efecte.<\/p>\n\n<p><strong>Tercera:<\/strong><br \/>Els concursants han de presentar la partitura completa (per quadruplicat) i les particel\u00b7les corresponents a la instrumentaci\u00f3 que s\u2019indica al final d\u2019aquestes bases. Les obres podran presentar-se manuscrites, impreses o amb tractament inform\u00e0tic.<\/p>\n\n<p>Els criteris d&#8217;edici\u00f3 de l&#8217;obra estaran establerts per la pr\u00f2pia Organitzaci\u00f3 del Concurs, sobretot pel que fa a l&#8217;idioma i la maquetaci\u00f3 de la partitura.<br \/>En cas de resultar premiades, i per a la posterior edici\u00f3, ser\u00e0 obligatori presentar-les amb el programa inform\u00e0tic musical <em>FINALE\/<\/em>SIBELIUS o b\u00e9 que l\u2019autor es fa\u00e7a c\u00e0rrec de les despeses derivades del canvi de manuscrit a inform\u00e0tic.<\/p>\n\n<p>Les obres seran enviades a la seu de la Societat Uni\u00f3 Musical d\u2019Albaida \u2018L\u2019Aranya\u2019 C\/ Castell\u00f3 de Rugat, n\u00fam. 2 baix 46860 Albaida (Val\u00e8ncia)<\/p>\n\n<p>S\u2019ha d\u2019indicar:<br \/>V CONCURS DE COMPOSICI\u00d3 DE PASDOBLES FERNANDO TORMO IB\u00c1\u00d1EZ,<br \/>amb el sobre tancat i el remitent en l\u2019anonimat.<\/p>\n\n<p><strong>El termini de presentaci\u00f3 de les obres finalitzar\u00e0 el 30 de junyl de 2023 a les 14.00 hores.<\/strong><\/p>\n\n<p>Adjuntem bases: <\/p>\n\n<div data-wp-interactive=\"core\/file\" class=\"wp-block-file\"><object data-wp-bind--hidden=\"!state.hasPdfPreview\" hidden class=\"wp-block-file__embed\" data=\"https:\/\/fsmcv.org\/wp-content\/uploads\/2023\/02\/Bases-concurso-Aranya.pdf\" type=\"application\/pdf\" style=\"width:100%;height:600px\" aria-label=\"Embed of Bases-concurso-Aranya.\"><\/object><a id=\"wp-block-file--media-ad2dcb9f-a724-40a7-a7ea-cc5c3c464cf3\" href=\"https:\/\/fsmcv.org\/wp-content\/uploads\/2023\/02\/Bases-concurso-Aranya.pdf\">Bases-concurs-Aranya<\/a><a href=\"https:\/\/fsmcv.org\/wp-content\/uploads\/2023\/02\/Bases-concurso-Aranya.pdf\" class=\"wp-block-file__button wp-element-button\" aria-describedby=\"wp-block-file--media-ad2dcb9f-a724-40a7-a7ea-cc5c3c464cf3\">Desc\u00e0rrega<\/a><\/div>\n","protected":false},"excerpt":{"rendered":"<p>OBJETIU Fomentar i enriquir el patrimoni musical i cultural de les bandes de m\u00fasica i tamb\u00e9 difondre l\u2019estil musical i la figura de l\u2019il\u00b7lustre compositor albaid\u00ed Fernando Tormo, director de la banda d\u2019aquesta societat entre 1951 i 1953. BASES Primera: Hi podran participar compositors de qualsevol nacionalitat, sense l\u00edmit d\u2019edat. Segunda:Les composicions han de ser [&hellip;]<\/p>\n","protected":false},"author":17,"featured_media":62996,"comment_status":"open","ping_status":"closed","sticky":false,"template":"","format":"standard","meta":{"footnotes":""},"categories":[56],"tags":[],"class_list":["post-63003","post","type-post","status-publish","format-standard","has-post-thumbnail","hentry","category-societats-musicals"],"_links":{"self":[{"href":"https:\/\/fsmcv.org\/vl\/wp-json\/wp\/v2\/posts\/63003","targetHints":{"allow":["GET"]}}],"collection":[{"href":"https:\/\/fsmcv.org\/vl\/wp-json\/wp\/v2\/posts"}],"about":[{"href":"https:\/\/fsmcv.org\/vl\/wp-json\/wp\/v2\/types\/post"}],"author":[{"embeddable":true,"href":"https:\/\/fsmcv.org\/vl\/wp-json\/wp\/v2\/users\/17"}],"replies":[{"embeddable":true,"href":"https:\/\/fsmcv.org\/vl\/wp-json\/wp\/v2\/comments?post=63003"}],"version-history":[{"count":0,"href":"https:\/\/fsmcv.org\/vl\/wp-json\/wp\/v2\/posts\/63003\/revisions"}],"wp:featuredmedia":[{"embeddable":true,"href":"https:\/\/fsmcv.org\/vl\/wp-json\/wp\/v2\/media\/62996"}],"wp:attachment":[{"href":"https:\/\/fsmcv.org\/vl\/wp-json\/wp\/v2\/media?parent=63003"}],"wp:term":[{"taxonomy":"category","embeddable":true,"href":"https:\/\/fsmcv.org\/vl\/wp-json\/wp\/v2\/categories?post=63003"},{"taxonomy":"post_tag","embeddable":true,"href":"https:\/\/fsmcv.org\/vl\/wp-json\/wp\/v2\/tags?post=63003"}],"curies":[{"name":"wp","href":"https:\/\/api.w.org\/{rel}","templated":true}]}}