{"id":63046,"date":"2023-03-01T16:15:19","date_gmt":"2023-03-01T15:15:19","guid":{"rendered":"https:\/\/fsmcv.org\/?p=63046"},"modified":"2023-03-01T16:22:53","modified_gmt":"2023-03-01T15:22:53","slug":"castellnovo-acull-la-segona-trobada-de-bandes-juvenils-front-al-despoblament-organitzada-per-la-generalitat-i-fsmcv","status":"publish","type":"post","link":"https:\/\/fsmcv.org\/vl\/altres\/castellnovo-acull-la-segona-trobada-de-bandes-juvenils-front-al-despoblament-organitzada-per-la-generalitat-i-fsmcv\/","title":{"rendered":"Castellnovo acull la segona \u2018Trobada de Bandes Juvenils front al despoblament&#8217; organitzada per la Generalitat i FSMCV"},"content":{"rendered":"\n<p>El Consell, mitjan\u00e7ant l&#8217;Agenda Valenciana Antidespoblament, i la Federaci\u00f3 de Societats Musicals de la Comunitat Valenciana (FSMCV), amb la col\u00b7laboraci\u00f3 de la Federaci\u00f3 Valenciana de Municipis i Prov\u00edncies (FVMP), organitzen el pr\u00f2xim diumenge, 5 de mar\u00e7, la segona \u2018Trobada de Bandes Juvenils front al despoblament. La jornada tindr\u00e0 lloc a Castell\u00f3, en el municipi de Castellnovo i comptar\u00e0 amb la participaci\u00f3 de joves de 13 societats musicals de les poblacions de l&#8217;Alt Pal\u00e0ncia.<\/p>\n\n<figure class=\"wp-block-image size-large\"><img decoding=\"async\" src=\"https:\/\/fsmcv.org\/wp-content\/uploads\/2023\/03\/3_Trobada-Bandes-Sempere-2022-2-1-1024x768.jpeg\" alt=\"\" class=\"wp-image-63042\" title=\"\"><\/figure>\n<p>Despr\u00e9s de l&#8217;inici del projecte en els municipis de Sempere i Benissuera, esta segona cita reunir\u00e0 a pr\u00e0cticament tot l&#8217;alumnat de les societats musicals de l&#8217;Alt Pal\u00e0ncia. Joves int\u00e8rprets de Segorbe, Altura, Viver, Soneja, J\u00e9rica, Teresa, Beg\u00eds, Navajas, Sot de Ferrer, Caudiel, Geldo, Almed\u00edjar i tamb\u00e9 del municipi amfitri\u00f3, Castellnovo, celebraran una jornada de conviv\u00e8ncia l&#8217;activitat central de la qual ser\u00e0 una gran desfilada i una interpretaci\u00f3 conjunta a la pla\u00e7a de la Comunitat Valencianade la localitat.<\/p>\n\n<p>La directora general de l&#8217;Agenda Valenciana Antidespoblament (AVANT), Jeannette Segarra, ha assenyalat que \u00abestos actes s&#8217;organitzen per a donar visibilitat als municipis AVANT, l&#8217;objectiu \u00e9s dinamitzar i mostrar la riquesa cultural del nostre territori\u00bb. \u00abS\u00f3n fonamentals per a potenciar la m\u00fasica com a valor formatiu, educatiu i social i, per aix\u00f2, els joves s\u00f3n protagonistes en estes cites. Potenciar la cultura i incrementar la seua oferta permet crear sentit d&#8217;orgull, d&#8217;arrelament a una comarca i a un poble\u00bb, ha remarcat Segarra, posant l&#8217;experi\u00e8ncia col\u00b7laborativa que suposen aquestes cites: \u00abels ajuntaments saben que treballar units, sumant esfor\u00e7os, \u00e9s garantia d&#8217;\u00e8xit en els projectes. Per aix\u00f2, en estes trobades es treballa a un nivell supramunicipal, acollint als joves d&#8217;una zona, d&#8217;una comarca\u00bb. <\/p>\n\n<p>El projecte tamb\u00e9 posa en valor a les societats musicals de la Comunitat Valenciana com un moviment art\u00edstic, educatiu i associatiu \u00fanic en el m\u00f3n. \u00abEl nostre col\u00b7lectiu t\u00e9 molt a dir en la revitalitzaci\u00f3 de poblacions menudes, aix\u00ed com en la vertebraci\u00f3 de tot el territori; pensem que en moltes d&#8217;estes localitats s\u00f3n l&#8217;\u00fanic agent cultural\u00bb, apunta la presidenta de FSMCV, Daniela Gonz\u00e1lez.<\/p>\n\n<p>La vocaci\u00f3 d&#8217;estes &#8216;Trobades de Bandes Juvenils front al despoblament&#8217; \u00e9s contribuir a difondre la riquesa dels municipis presents en l&#8217;Agenda AVANT i donar a con\u00e8ixer el potencial de l&#8217;interior de la Comunitat a trav\u00e9s de les seues societats musicals. <\/p>\n\n<p>\u00abDes d&#8217;AVANT tenim l&#8217;Estrat\u00e8gia 20-30, en qu\u00e8 apostem per incrementar les ofertes culturals en xicotetes poblacions a trav\u00e9s d&#8217;este agent tan \u00fanic que s\u00f3n les societats musicals\u00bb, ha remarcat Segarra.<\/p>\n","protected":false},"excerpt":{"rendered":"<p>El Consell, mitjan\u00e7ant l&#8217;Agenda Valenciana Antidespoblament, i la Federaci\u00f3 de Societats Musicals de la Comunitat Valenciana (FSMCV), amb la col\u00b7laboraci\u00f3 de la Federaci\u00f3 Valenciana de Municipis i Prov\u00edncies (FVMP), organitzen el pr\u00f2xim diumenge, 5 de mar\u00e7, la segona \u2018Trobada de Bandes Juvenils front al despoblament. La jornada tindr\u00e0 lloc a Castell\u00f3, en el municipi de [&hellip;]<\/p>\n","protected":false},"author":9,"featured_media":63041,"comment_status":"open","ping_status":"closed","sticky":false,"template":"","format":"standard","meta":{"footnotes":""},"categories":[304],"tags":[],"class_list":["post-63046","post","type-post","status-publish","format-standard","has-post-thumbnail","hentry","category-altres"],"_links":{"self":[{"href":"https:\/\/fsmcv.org\/vl\/wp-json\/wp\/v2\/posts\/63046","targetHints":{"allow":["GET"]}}],"collection":[{"href":"https:\/\/fsmcv.org\/vl\/wp-json\/wp\/v2\/posts"}],"about":[{"href":"https:\/\/fsmcv.org\/vl\/wp-json\/wp\/v2\/types\/post"}],"author":[{"embeddable":true,"href":"https:\/\/fsmcv.org\/vl\/wp-json\/wp\/v2\/users\/9"}],"replies":[{"embeddable":true,"href":"https:\/\/fsmcv.org\/vl\/wp-json\/wp\/v2\/comments?post=63046"}],"version-history":[{"count":0,"href":"https:\/\/fsmcv.org\/vl\/wp-json\/wp\/v2\/posts\/63046\/revisions"}],"wp:featuredmedia":[{"embeddable":true,"href":"https:\/\/fsmcv.org\/vl\/wp-json\/wp\/v2\/media\/63041"}],"wp:attachment":[{"href":"https:\/\/fsmcv.org\/vl\/wp-json\/wp\/v2\/media?parent=63046"}],"wp:term":[{"taxonomy":"category","embeddable":true,"href":"https:\/\/fsmcv.org\/vl\/wp-json\/wp\/v2\/categories?post=63046"},{"taxonomy":"post_tag","embeddable":true,"href":"https:\/\/fsmcv.org\/vl\/wp-json\/wp\/v2\/tags?post=63046"}],"curies":[{"name":"wp","href":"https:\/\/api.w.org\/{rel}","templated":true}]}}