{"id":6311,"date":"2017-10-18T10:44:14","date_gmt":"2017-10-18T08:44:14","guid":{"rendered":"https:\/\/fsmcv.org\/?post_type=fsmcv-noticias&#038;p=6311"},"modified":"2021-03-29T19:52:06","modified_gmt":"2021-03-29T17:52:06","slug":"a-tres-bandes-teatro-primitiva-lliria","status":"publish","type":"post","link":"https:\/\/fsmcv.org\/vl\/societats-musicals\/a-tres-bandes-teatro-primitiva-lliria\/","title":{"rendered":"\u201cA Tres Bandes\u201d arriba aquest dissabte al Teatre de \u201cLa Primitiva\u201d de Ll\u00edria"},"content":{"rendered":"<p><em>El projecte celebra el seu segon concert a les 22:15h amb \u201cLa Primitiva\u201d, \u201cL&#8217;Harm\u00f2nica\u201d de Bunyol i \u201cSanta Cecilia\u201d de Cullera.<\/em><\/p>\n<p>Aquest dissabte el Teatre de \u201cLa Primitiva\u201d de Ll\u00edria acull el segon dels concerts del projecte \u201c<strong>A Tres Bandes<\/strong>\u201d. L&#8217;espectacle comen\u00e7ar\u00e0 a les 22:15h i en ell estaran presents les societats musicals, <strong>\u201cL&#8217;Harm\u00f2nica\u201d de Bunyol<\/strong>, <strong>\u201cSanta Cecilia&#8221; de Cullera<\/strong> i l&#8217;amfitriona, <strong>\u201cLa Primitiva\u201d de Ll\u00edria<\/strong>.<\/p>\n<p>Aquest \u00e9s el segon dels concerts del cicle \u201cA Tres Bandes&#8221;, que es va iniciar el passat 8 de juliol a Cullera i que acabar\u00e0 en el 2018 a Bunyol. En aquesta ocasi\u00f3, obrir\u00e0 el concert \u201cL&#8217;Harm\u00f2nica\u201d de Bunyol, que interpretar\u00e0 &#8220;Apol\u00b7lo&#8221; d&#8217;Amando Blanquer i &#8220;Wait of the world&#8221; de Stephen Melillo, sota la direcci\u00f3 de Jos\u00e9 Tello Espert. Prendr\u00e0 el relleu en l&#8217;escenari la Societat Musical Instructiva \u201cSanta Cec\u00edlia\u201d de Cullera, que posar\u00e0 en el faristol el seg\u00fcent programa: &#8220;Ponteareas\u201d de Reveriano Sotullo i &#8220;Marea Negra&#8221; d&#8217;Ant\u00f3n Alcalde, sota la batuta de Carlos Garc\u00e9s Fuentelsaz. Finalment, \u201cLa Primitiva\u201d posar\u00e0 el fermall d&#8217;or a la vetlada amb &#8220;Als nascuts i les nascudes en 1952&#8221; de Jos\u00e9 Alama Gil i &#8220;400&#8221; d&#8217;Andr\u00e9s Valero-Castells. Tot dirigit per Javier Engu\u00eddanos Morat\u00f3.<\/p>\n<p>Les entrades per al concert ja es poden adquirir a un preu de 5 euros en les taquilles del Teatre de \u201cLa Primitiva\u201d o en els locals socials de les entitats musicals participants en aquest esdeveniment.<\/p>\n<p><strong>A Tres Bandes<\/strong><\/p>\n<p>&#8220;A Tres Bandes&#8221; \u00e9s un projecte que naix amb la m\u00fasica com a eix central. Les sis societats musicals de major rellev\u00e0ncia a la Comunitat Valenciana, com s\u00f3n \u201cSanta Cecilia\u201d i el \u201cAteneu\u201d de Cullera, \u201cL&#8217;Harm\u00f2nica\u201d i \u201cL&#8217;Art\u00edstica\u201d de Bunyol, i la Primitiva i \u201cLa Uni\u00f3\u201d de Ll\u00edria (l&#8217;anomenat G-6), s&#8217;han unit en un front com\u00fa per a intercanviar experi\u00e8ncies, inquietuds, per\u00f2, sobretot, per a portar la millor m\u00fasica a les localitats. El passat mes de mar\u00e7 va ser presentat el projecte i es va fer la posada de llarg de l&#8217;Associaci\u00f3 de M\u00fasica Bunyol-Ll\u00edria-Cullera, el president de la qual \u00e9s Josep Vicent Pedrola, president de la Uni\u00f3 Musical de Ll\u00edria.<\/p>\n","protected":false},"excerpt":{"rendered":"<p>El projecte celebra el seu segon concert a les 22:15h amb \u201cLa Primitiva\u201d, \u201cL&#8217;Harm\u00f2nica\u201d de Bunyol i \u201cSanta Cec\u00edlia\u201d de Cullera.<\/p>\n","protected":false},"author":2,"featured_media":0,"comment_status":"closed","ping_status":"closed","sticky":false,"template":"","format":"standard","meta":{"footnotes":""},"categories":[56],"tags":[],"class_list":["post-6311","post","type-post","status-publish","format-standard","hentry","category-societats-musicals"],"_links":{"self":[{"href":"https:\/\/fsmcv.org\/vl\/wp-json\/wp\/v2\/posts\/6311","targetHints":{"allow":["GET"]}}],"collection":[{"href":"https:\/\/fsmcv.org\/vl\/wp-json\/wp\/v2\/posts"}],"about":[{"href":"https:\/\/fsmcv.org\/vl\/wp-json\/wp\/v2\/types\/post"}],"author":[{"embeddable":true,"href":"https:\/\/fsmcv.org\/vl\/wp-json\/wp\/v2\/users\/2"}],"replies":[{"embeddable":true,"href":"https:\/\/fsmcv.org\/vl\/wp-json\/wp\/v2\/comments?post=6311"}],"version-history":[{"count":0,"href":"https:\/\/fsmcv.org\/vl\/wp-json\/wp\/v2\/posts\/6311\/revisions"}],"wp:attachment":[{"href":"https:\/\/fsmcv.org\/vl\/wp-json\/wp\/v2\/media?parent=6311"}],"wp:term":[{"taxonomy":"category","embeddable":true,"href":"https:\/\/fsmcv.org\/vl\/wp-json\/wp\/v2\/categories?post=6311"},{"taxonomy":"post_tag","embeddable":true,"href":"https:\/\/fsmcv.org\/vl\/wp-json\/wp\/v2\/tags?post=6311"}],"curies":[{"name":"wp","href":"https:\/\/api.w.org\/{rel}","templated":true}]}}