{"id":63400,"date":"2023-03-21T18:51:48","date_gmt":"2023-03-21T17:51:48","guid":{"rendered":"https:\/\/fsmcv.org\/certamens\/milers-de-persones-tornen-a-cantar-per-la-pau-el-diumenge-26-de-marc-al-migdia\/"},"modified":"2023-03-21T18:59:29","modified_gmt":"2023-03-21T17:59:29","slug":"milers-de-persones-tornen-a-cantar-per-la-pau-el-diumenge-26-de-marc-al-migdia","status":"publish","type":"post","link":"https:\/\/fsmcv.org\/vl\/societats-musicals\/milers-de-persones-tornen-a-cantar-per-la-pau-el-diumenge-26-de-marc-al-migdia\/","title":{"rendered":"Milers de persones tornen a cantar per la pau el diumenge 26 de mar\u00e7 al migdia"},"content":{"rendered":"\n<p>SEGONA EDICI\u00d3 DE CORS PER LA PAU<\/p>\n\n<p>Centenars de cors de tota Espanya es coordinen per xarxes socials, en una nova convocat\u00f2ria de Cors per la Pau que pret\u00e9n repetir l&#8217;\u00e8xit de 2022.<br\/>La cita ser\u00e0 el diumenge 26 de mar\u00e7 a les 12 del mat\u00ed. A Cullera, l&#8217;acte se celebrar\u00e0 en l&#8217;edifici de l&#8217;Ateneu Musical (C\/ Ateneu Musical, 15).<\/p>\n\n<p>Cors per la Pau va sorgir en 2022 en la Fam\u00edlia Coral Santiago Ap\u00f2stol de Gri\u00f1\u00f3n (Madrid), que l&#8217;any passat va aconseguir mobilitzar a m\u00e9s de 25.000 cantants a Espanya, Portugal, It\u00e0lia, el Regne Unit i diversos pa\u00efsos de Sud-am\u00e8rica, als quals enguany s&#8217;han sumant cors d&#8217;Ucra\u00efna, Alemanya, Dinamarca i el Brasil, entre altres.<br\/>Centenars de cors i escoles de m\u00fasica de tota Espanya s&#8217;estan sumant a la crida de la iniciativa Cors per la Pau, impulsada per la Fam\u00edlia Coral Santiago Ap\u00f2stol de Gri\u00f1\u00f3n (Madrid) per a cantar per la pau el diumenge 26 de mar\u00e7 al migdia. La cita musical se celebrar\u00e0 en places i carrers c\u00e8ntrics o emblem\u00e0tics de les ciutats i pobles de tota Espanya on hi haja un cor que se sume a aquesta iniciativa. A Cullera, l&#8217;acte se celebrar\u00e0 en l&#8217;edifici de l&#8217;Ateneu Musical (C\/ Ateneu Musical, 15).<\/p>\n\n<p>Tots els cantants interpretaran alhora l&#8217;obra popular &#8220;Dona Nobis Pacem&#8221;, una pe\u00e7a en llat\u00ed que significa \u201cdona&#8217;ns la pau&#8221;, i estrenaran el tema \u201cCanta un Himno por la Paz\u201d, compost pel m\u00fasic estatunidenc Jim Papoulis. Segons Mariano Garc\u00eda, coordinador general de Cors Per la Pau i director de la Fam\u00edlia Coral Santiago Ap\u00f2stol, \u201c\u00e9s ins\u00f2lita la generositat de Jim Papoulis, un compositor i productor musical consagrat a nivell mundial, que no obstant aix\u00f2 s&#8217;ha fixat en la nostra iniciativa i ens ha regalat la seua obra. Li estem molt agra\u00efts per haver creat aquesta can\u00e7\u00f3, que estrenarem com a himne de Cors per la Pau el pr\u00f2xim 26 de mar\u00e7\u201d, assegura.<br\/>Els participants en aquesta iniciativa s&#8217;estan inscrivint a trav\u00e9s de la p\u00e0gina web <a href=\"http:\/\/www.corosporlapaz.org\" target=\"_blank\" data-type=\"URL\" data-id=\"www.corosporlapaz.org\" rel=\"noreferrer noopener\">www.corosporlapaz.org<\/a> per a facilitar el treball dels m\u00e9s de 50 coordinadors locals en la cerca de cors, difusi\u00f3, direcci\u00f3 musical i altres aspectes t\u00e8cnics i log\u00edstics. Fins al moment, ja s&#8217;han inscrit per a participar m\u00e9s de 200 cors de tota Espanya, la qual cosa garanteix l&#8217;\u00e8xit de la convocat\u00f2ria. En la citada web pot consultar-se en temps real els cors inscrits i els llocs confirmats per a la celebraci\u00f3 dels esdeveniments.<\/p>\n\n<p>La plataforma tamb\u00e9 ha llan\u00e7at la seua versi\u00f3 internacional, a trav\u00e9s de la p\u00e0gina <a href=\"http:\/\/www.choirsforpeace.org\" target=\"_blank\" rel=\"noreferrer noopener\">www.choirsforpeace.org<\/a> i est\u00e0 cridant a l&#8217;acci\u00f3 a cors i federacions nacionals d&#8217;altres pa\u00efsos. Enguany, de nou se sumen a l&#8217;acci\u00f3 cors de Portugal i It\u00e0lia, tal com van fer en 2022, per\u00f2 a m\u00e9s tamb\u00e9 s&#8217;han sumat quasi 50 agrupacions corals d&#8217;Ucra\u00efna, Dinamarca, Alemanya, Col\u00f2mbia i el Brasil, i s&#8217;espera que en els pr\u00f2xims dies nous pa\u00efsos s&#8217;adherisquen a aquesta gran jornada mundial de cant coral per la pau.<\/p>\n\n<p><strong>Com va n\u00e0ixer Cors per la Pau?<\/strong><\/p>\n\n<p>L&#8217;any passat, la Fam\u00edlia Coral Santiago Ap\u00f2stol (FCSA) va mobilitzar a un miler de persones a trav\u00e9s de les xarxes socials per a cantar per la pau al costat del Museu Reina Sofia. La cita va coincidir amb un concert de la CSA a Madrid el 5 de mar\u00e7 de 2022 \u201ci en absolut esper\u00e0vem que vinguera tant\u00edssima gent a cantar amb nosaltres, una humil agrupaci\u00f3 coral d&#8217;un poble de Madrid, per la qual cosa decidim que all\u00f2 no podia caure en sac foradat i vam estendre la convocat\u00f2ria a tota Espanya, i es van acabar sumant m\u00e9s de 25.000 persones el diumenge 26 de mar\u00e7 de 2022, un dia hist\u00f2ric per al moviment coral a Espanya\u201d, assegura Mariano Garc\u00eda, coordinador general de Cors per la Pau.<\/p>\n\n<p>Es tracta d&#8217;una iniciativa \u00fanica pel seu car\u00e0cter massiu i solidari. De fet, recentment ha sigut reconeguda amb el Premi Axunt\u00e1bense, que la Federaci\u00f3 Asturiana de Cors ha atorgat a Mariano Garc\u00eda, en representaci\u00f3 del col\u00b7lectiu Cors per la Pau, \u201cper fer visible a la comunitat coral com a element social que promou el sentiment d&#8217;unitat en la diversitat\u201d, segons la decisi\u00f3 del Jurat dels premis. El lliurament del guard\u00f3 tindr\u00e0 lloc a l&#8217;Auditori Pr\u00edncep Felip d&#8217;Oviedo, el diumenge 19 de mar\u00e7 a les 19 hores, amb pres\u00e8ncia de les m\u00e9s altes autoritats del Principat.<\/p>\n\n<p>L&#8217;objectiu de Cors per la Pau \u00e9s \u00fanicament de car\u00e0cter social. \u201cLa nostra mobilitzaci\u00f3 busca contraposar la bellesa i la senzillesa de la m\u00fasica a l&#8217;horror de la guerra, per a cridar l&#8217;atenci\u00f3 del m\u00f3n sobre l&#8217;absurd que \u00e9s lluitar els uns contra els altres quan tots podem conviure feli\u00e7os i en pau\u201d, assegura Mariano Garc\u00eda, qui subratlla que \u201cper descomptat la nostra mirada est\u00e0 a Ucra\u00efna, per\u00f2 tamb\u00e9 en totes aquelles altres guerres oblidades, a les quals ja no parem atenci\u00f3, per\u00f2 que segueixen ac\u00ed per desenes\u201d.<\/p>\n\n<p>Contacte:<br\/>Cors per la Pau<br\/><a href=\"http:\/\/www.corosporlapaz.org\" target=\"_blank\" rel=\"noreferrer noopener\">www.corosporlapaz.org<\/a><br\/>Coordinador General: Mariano Garc\u00eda &#8211; <a href=\"mailto:mariano@corosporlapaz.org\" target=\"_blank\" rel=\"noreferrer noopener\">mariano@corosporlapaz.org<\/a><br\/>Contacte en Cullera:<br\/>Departament de comunicaci\u00f3<br\/>Tel\u00e8fon: 626 96 49 18<\/p>\n","protected":false},"excerpt":{"rendered":"<p>SEGONA EDICI\u00d3 DE CORS PER LA PAU Centenars de cors de tota Espanya es coordinen per xarxes socials, en una nova convocat\u00f2ria de Cors per la Pau que pret\u00e9n repetir l&#8217;\u00e8xit de 2022.La cita ser\u00e0 el diumenge 26 de mar\u00e7 a les 12 del mat\u00ed. A Cullera, l&#8217;acte se celebrar\u00e0 en l&#8217;edifici de l&#8217;Ateneu Musical [&hellip;]<\/p>\n","protected":false},"author":17,"featured_media":63398,"comment_status":"open","ping_status":"closed","sticky":false,"template":"","format":"standard","meta":{"footnotes":""},"categories":[56],"tags":[],"class_list":["post-63400","post","type-post","status-publish","format-standard","has-post-thumbnail","hentry","category-societats-musicals"],"_links":{"self":[{"href":"https:\/\/fsmcv.org\/vl\/wp-json\/wp\/v2\/posts\/63400","targetHints":{"allow":["GET"]}}],"collection":[{"href":"https:\/\/fsmcv.org\/vl\/wp-json\/wp\/v2\/posts"}],"about":[{"href":"https:\/\/fsmcv.org\/vl\/wp-json\/wp\/v2\/types\/post"}],"author":[{"embeddable":true,"href":"https:\/\/fsmcv.org\/vl\/wp-json\/wp\/v2\/users\/17"}],"replies":[{"embeddable":true,"href":"https:\/\/fsmcv.org\/vl\/wp-json\/wp\/v2\/comments?post=63400"}],"version-history":[{"count":0,"href":"https:\/\/fsmcv.org\/vl\/wp-json\/wp\/v2\/posts\/63400\/revisions"}],"wp:featuredmedia":[{"embeddable":true,"href":"https:\/\/fsmcv.org\/vl\/wp-json\/wp\/v2\/media\/63398"}],"wp:attachment":[{"href":"https:\/\/fsmcv.org\/vl\/wp-json\/wp\/v2\/media?parent=63400"}],"wp:term":[{"taxonomy":"category","embeddable":true,"href":"https:\/\/fsmcv.org\/vl\/wp-json\/wp\/v2\/categories?post=63400"},{"taxonomy":"post_tag","embeddable":true,"href":"https:\/\/fsmcv.org\/vl\/wp-json\/wp\/v2\/tags?post=63400"}],"curies":[{"name":"wp","href":"https:\/\/api.w.org\/{rel}","templated":true}]}}