{"id":6352,"date":"2017-10-20T10:06:36","date_gmt":"2017-10-20T08:06:36","guid":{"rendered":"https:\/\/fsmcv.org\/?post_type=fsmcv-noticias&#038;p=6352"},"modified":"2021-03-29T19:44:52","modified_gmt":"2021-03-29T17:44:52","slug":"jornada-internacional-sobre-musica-bebes-unio-musical-alaquas","status":"publish","type":"post","link":"https:\/\/fsmcv.org\/vl\/societats-musicals\/jornada-internacional-sobre-musica-bebes-unio-musical-alaquas\/","title":{"rendered":"Jornada Internacional sobre \u201cM\u00fasica i Beb\u00e9s\u201d a la Uni\u00f3 Musical d&#8217;Alaqu\u00e0s"},"content":{"rendered":"<p>La Uni\u00f3 Musical d\u2019Alaqu\u00e0s ha organitzat una Jornada Internacional sobre &#8220;M\u00fasica i Beb\u00e9s&#8221; que es dur\u00e0 a terme el divendres 27 d&#8217;octubre. El programa que es desenvolupar\u00e0 \u00e9s el seg\u00fcent:<\/p>\n<p><strong>17:00 &#8211; Taller:<\/strong><\/p>\n<p>&#8220;El beb\u00e9 musical, m\u00fasica en els primers anys de vida&#8221;<\/p>\n<p>Impartit pels professors musicoterapeutes Jose Lara, Gemma Ba\u00f1os Dieste i Reis Camps Clavel.<\/p>\n<p><strong>19:00 &#8211; Confer\u00e8ncia internacional:<\/strong><\/p>\n<p>&#8220;El vincle amb el beb\u00e9 a trav\u00e9s de la m\u00fasica&#8221;<\/p>\n<p>Pel Llic. Gabriel F. Federico.<\/p>\n<p>Al tancament de la jornada es realitzar\u00e0 una taula redona per a debat amb els expositors.<\/p>\n<p><a href=\"http:\/\/www.gabrielfederico.com\" target=\"_blank\" rel=\"noopener noreferrer\">Gabriel F. Federico<\/a> \u00e9s Llicenciat en Musicoterapia, professor universitari a Argentina i Espanya, investigador, escriptor i autor dels llibres &#8220;Viatge musical per l&#8217;embar\u00e0s&#8221;, &#8220;Melodies per al beb\u00e9 abans de n\u00e0ixer&#8221;, &#8220;M\u00fasica prenatal&#8221;, &#8220;L&#8217;embar\u00e0s musical&#8221; i &#8220;El xiquet amb necessitats especials&#8221;. Tamb\u00e9 \u00e9s director de la col\u00b7lecci\u00f3 Serie Camino Musicoterapia i del Centre Argent\u00ed de Musicoterapia i Recerca en Neurodesenvolupament i Obstetr\u00edcia (<a href=\"http:\/\/www.centrocamino.com\" target=\"_blank\" rel=\"noopener noreferrer\">CAMINO<\/a>).<\/p>\n<h3>Inscripci\u00f3<\/h3>\n<p>Descarrega <a href=\"https:\/\/fsmcv.org\/BTnet-storage\/wp-uploads\/2017\/10\/HOJA-DE-INSCRIPCION-MUSICA-Y-BEBES-27-10-17.docx\" target=\"_blank\" rel=\"noopener noreferrer\">ac\u00ed el full d&#8217;inscripci\u00f3<\/a> i envia&#8217;l junt al justificant d&#8217;ingr\u00e9s de la quota d&#8217;inscripci\u00f3 a <a href=\"mailto:secretaria@musicalalaquas.com\">secretaria@musicalalaquas.com<\/a><\/p>\n<p>Quota inscripci\u00f3 p\u00fablic general = 35 Euros<\/p>\n<p>Socis UMA, AVMT = 25 Euros<\/p>\n<p>N\u00ba compte: La Caixa ES53 &#8211; 2100 &#8211; 1823 &#8211; 57 \u2013 0200027544<\/p>\n<h3>M\u00e9s informaci\u00f3<\/h3>\n<p>tfno: 961515250<\/p>\n<p><a href=\"http:\/\/www.musicalalaquas.com\" data-saferedirecturl=\"https:\/\/www.google.com\/url?hl=es&amp;q=http:\/\/www.musicalalaquas.com&amp;source=gmail&amp;ust=1508567141061000&amp;usg=AFQjCNEY86Pc0IB532-o6PfXAwXut8lBpA\" target=\"_blank\" rel=\"noopener\">www.musicalalaquas.com<\/a><\/p>\n","protected":false},"excerpt":{"rendered":"<p>La Uni\u00f3 Musical d\u2019Alaqu\u00e0s ha organitzat una Jornada Internacional sobre &#8220;M\u00fasica i Beb\u00e9s&#8221; que es dur\u00e0 a terme el divendres 27 d&#8217;octubre.<\/p>\n","protected":false},"author":2,"featured_media":0,"comment_status":"closed","ping_status":"closed","sticky":false,"template":"","format":"standard","meta":{"footnotes":""},"categories":[56],"tags":[],"class_list":["post-6352","post","type-post","status-publish","format-standard","hentry","category-societats-musicals"],"_links":{"self":[{"href":"https:\/\/fsmcv.org\/vl\/wp-json\/wp\/v2\/posts\/6352","targetHints":{"allow":["GET"]}}],"collection":[{"href":"https:\/\/fsmcv.org\/vl\/wp-json\/wp\/v2\/posts"}],"about":[{"href":"https:\/\/fsmcv.org\/vl\/wp-json\/wp\/v2\/types\/post"}],"author":[{"embeddable":true,"href":"https:\/\/fsmcv.org\/vl\/wp-json\/wp\/v2\/users\/2"}],"replies":[{"embeddable":true,"href":"https:\/\/fsmcv.org\/vl\/wp-json\/wp\/v2\/comments?post=6352"}],"version-history":[{"count":0,"href":"https:\/\/fsmcv.org\/vl\/wp-json\/wp\/v2\/posts\/6352\/revisions"}],"wp:attachment":[{"href":"https:\/\/fsmcv.org\/vl\/wp-json\/wp\/v2\/media?parent=6352"}],"wp:term":[{"taxonomy":"category","embeddable":true,"href":"https:\/\/fsmcv.org\/vl\/wp-json\/wp\/v2\/categories?post=6352"},{"taxonomy":"post_tag","embeddable":true,"href":"https:\/\/fsmcv.org\/vl\/wp-json\/wp\/v2\/tags?post=6352"}],"curies":[{"name":"wp","href":"https:\/\/api.w.org\/{rel}","templated":true}]}}